{"id":413,"date":"2016-06-13T19:15:59","date_gmt":"2016-06-13T22:15:59","guid":{"rendered":"http:\/\/crssag.cl\/?p=413"},"modified":"2016-06-16T15:24:57","modified_gmt":"2016-06-16T18:24:57","slug":"funcionarios-del-c-r-s-se-capacitan-en-violencia-intrafamiliar","status":"publish","type":"post","link":"https:\/\/crssag.cl\/index.php\/2016\/06\/13\/funcionarios-del-c-r-s-se-capacitan-en-violencia-intrafamiliar\/","title":{"rendered":"FUNCIONARIOS DEL C.R.S. SE CAPACITAN EN VIOLENCIA INTRAFAMILIAR"},"content":{"rendered":"<p style=\"text-align: justify;\"><img loading=\"lazy\" class=\"alignnone size-medium wp-image-415\" src=\"\/wp-content\/uploads\/2016\/06\/violenciaintrafamiliar2-300x225.jpg\" alt=\"violenciaintrafamiliar2\" width=\"300\" height=\"225\" srcset=\"https:\/\/crssag.cl\/wp-content\/uploads\/2016\/06\/violenciaintrafamiliar2-300x225.jpg 300w, https:\/\/crssag.cl\/wp-content\/uploads\/2016\/06\/violenciaintrafamiliar2-150x113.jpg 150w, https:\/\/crssag.cl\/wp-content\/uploads\/2016\/06\/violenciaintrafamiliar2.jpg 400w\" sizes=\"(max-width: 300px) 100vw, 300px\" \/>\u00a0<img loading=\"lazy\" class=\"alignnone size-medium wp-image-414\" src=\"\/wp-content\/uploads\/2016\/06\/violenciaintrafamiliar1-300x225.jpg\" alt=\"violenciaintrafamiliar1\" width=\"300\" height=\"225\" srcset=\"https:\/\/crssag.cl\/wp-content\/uploads\/2016\/06\/violenciaintrafamiliar1-300x225.jpg 300w, https:\/\/crssag.cl\/wp-content\/uploads\/2016\/06\/violenciaintrafamiliar1-150x113.jpg 150w, https:\/\/crssag.cl\/wp-content\/uploads\/2016\/06\/violenciaintrafamiliar1.jpg 400w\" sizes=\"(max-width: 300px) 100vw, 300px\" \/><\/p>\n<p style=\"text-align: justify;\">El Centro de Referencia de Salud \u201cDr. Salvador Allende Gossens\u201d, asume la violencia de g\u00e9nero como una violaci\u00f3n a los derechos humanos y, por ende, un problema social de salud p\u00fablica. Tal es as\u00ed, que lo incluy\u00f3 en su Plan Anual de Capacitaci\u00f3n a los Funcionarios, con el objetivo de informar sobre la Violencia Intrafamiliar (VIF) y proporcionar al personal las herramientas de trabajo que les permita una correcta acogida a las v\u00edctimas.<\/p>\n<p style=\"text-align: justify;\">En este contexto, el C.R.S. capacit\u00f3 a funcionarios en esta transversal materia, cuya ilustraci\u00f3n estuvo a cargo de la abogada Carla Molina, quien se\u00f1al\u00f3 que \u201ces estrictamente necesario capacitar a los funcionarios del C.R.S., en su calidad de profesionales de la salud, en materias de violencia de g\u00e9nero, a fin de otorgar o, bien, reforzar las habilidades del buen trato a la v\u00edctima\u201d, explic\u00f3.<\/p>\n<p style=\"text-align: justify;\">Asimismo, junto con destacar la buena recepci\u00f3n de los funcionarios al curso, Molina inform\u00f3 que \u00e9stos fueron instruidos sobre los fundamentos de la violencia de g\u00e9nero; el perfil de la v\u00edctima y su victimario; formas para acoger a la mujer; la normativa nacional e internacional sobre la tem\u00e1tica; entre otras informaciones.<\/p>\n<p style=\"text-align: justify;\">El adiestramiento que se realiz\u00f3 en el auditorio del establecimiento, tuvo una duraci\u00f3n de 20 horas, las que fueron divididas en 4 m\u00f3dulos que se iniciaron el 26 de mayo hasta el 9 de junio, de 09:00 a 12:00 horas cada sesi\u00f3n, y que versaron sobre el reconocimiento de los s\u00edntomas de las v\u00edctimas, los procedimientos adecuados para buen trato, los delitos asociados y los protocolos para generar denuncias por VIF.<\/p>\n<p style=\"text-align: justify;\">Al respecto, el director del establecimiento, agreg\u00f3 que la VIF es un tema fundamental para la salud p\u00fablica, pues ella incluye el maltrato infantil, y como se observa en la evidencia internacional, evitar la violencia hacia la infancia y potenciar el desarrollo de ni\u00f1os y ni\u00f1as es la mejor inversi\u00f3n que un pa\u00eds puede realizar para el bienestar psicosocial de sus habitantes.<\/p>\n<p>SANTIAGO (Pudahuel), junio 09 de 2016.<\/p>\n","protected":false},"excerpt":{"rendered":"<p style=\"text-align: justify;\"><img loading=\"lazy\" class=\"alignnone size-medium wp-image-415\" src=\"\/wp-content\/uploads\/2016\/06\/violenciaintrafamiliar2-300x225.jpg\" alt=\"violenciaintrafamiliar2\" width=\"300\" height=\"225\" srcset=\"https:\/\/crssag.cl\/wp-content\/uploads\/2016\/06\/violenciaintrafamiliar2-300x225.jpg 300w, https:\/\/crssag.cl\/wp-content\/uploads\/2016\/06\/violenciaintrafamiliar2-150x113.jpg 150w, https:\/\/crssag.cl\/wp-content\/uploads\/2016\/06\/violenciaintrafamiliar2.jpg 400w\" sizes=\"(max-width: 300px) 100vw, 300px\" \/>\u00a0<img loading=\"lazy\" class=\"alignnone size-medium wp-image-414\" src=\"\/wp-content\/uploads\/2016\/06\/violenciaintrafamiliar1-300x225.jpg\" alt=\"violenciaintrafamiliar1\" width=\"300\" height=\"225\" srcset=\"https:\/\/crssag.cl\/wp-content\/uploads\/2016\/06\/violenciaintrafamiliar1-300x225.jpg 300w, https:\/\/crssag.cl\/wp-content\/uploads\/2016\/06\/violenciaintrafamiliar1-150x113.jpg 150w, https:\/\/crssag.cl\/wp-content\/uploads\/2016\/06\/violenciaintrafamiliar1.jpg 400w\" sizes=\"(max-width: 300px) 100vw, 300px\" \/><\/p>\n<p style=\"text-align: justify;\">El Centro de Referencia de Salud \u201cDr. Salvador Allende Gossens\u201d, asume la violencia de g\u00e9nero como una violaci\u00f3n a los derechos humanos y, por ende, un problema social de salud p\u00fablica. Tal es as\u00ed, que lo incluy\u00f3 en su Plan Anual de Capacitaci\u00f3n a los Funcionarios, con el objetivo de informar sobre la Violencia Intrafamiliar (VIF) y proporcionar al personal las herramientas de trabajo que les permita una correcta acogida a las v\u00edctimas.<\/p>\n<p style=\"text-align: justify;\">En este contexto, el C.R.S. capacit\u00f3 a funcionarios en esta transversal materia, cuya ilustraci\u00f3n estuvo a cargo de la abogada Carla Molina, quien se\u00f1al\u00f3 que \u201ces estrictamente necesario capacitar a los funcionarios del C.R.S., en su calidad de profesionales de la salud, en materias de violencia de g\u00e9nero, a fin de otorgar o, bien, reforzar las habilidades del buen trato a la v\u00edctima\u201d, explic\u00f3.<\/p>\n<p style=\"text-align: justify;\">Asimismo, junto con destacar la buena recepci\u00f3n de los funcionarios al curso, Molina inform\u00f3 que \u00e9stos fueron instruidos sobre los fundamentos de la violencia de g\u00e9nero; el perfil de la v\u00edctima y su victimario; formas para acoger a la mujer; la normativa nacional e internacional sobre la tem\u00e1tica; entre otras informaciones.<\/p>\n<p style=\"text-align: justify;\">El adiestramiento que se realiz\u00f3 en el auditorio del establecimiento, tuvo una duraci\u00f3n de 20 horas, las que fueron divididas en 4 m\u00f3dulos que se iniciaron el 26 de mayo hasta el 9 de junio, de 09:00 a 12:00 horas cada sesi\u00f3n, y que versaron sobre el reconocimiento de los s\u00edntomas de las v\u00edctimas, los procedimientos adecuados para buen trato, los delitos asociados y los protocolos para generar denuncias por VIF.<\/p>\n<p style=\"text-align: justify;\">Al respecto, el director del establecimiento, agreg\u00f3 que la VIF es un tema fundamental para la salud p\u00fablica, pues ella incluye el maltrato infantil, y como se observa en la evidencia internacional, evitar la violencia hacia la infancia y potenciar el desarrollo de ni\u00f1os y ni\u00f1as es la mejor inversi\u00f3n que un pa\u00eds puede realizar para el bienestar psicosocial de sus habitantes.<\/p>\n<p>SANTIAGO (Pudahuel), junio 09 de 2016.<\/p>\n","protected":false},"author":1,"featured_media":0,"comment_status":"open","ping_status":"open","sticky":false,"template":"","format":"standard","meta":[],"categories":[10],"tags":[],"_links":{"self":[{"href":"https:\/\/crssag.cl\/index.php\/wp-json\/wp\/v2\/posts\/413"}],"collection":[{"href":"https:\/\/crssag.cl\/index.php\/wp-json\/wp\/v2\/posts"}],"about":[{"href":"https:\/\/crssag.cl\/index.php\/wp-json\/wp\/v2\/types\/post"}],"author":[{"embeddable":true,"href":"https:\/\/crssag.cl\/index.php\/wp-json\/wp\/v2\/users\/1"}],"replies":[{"embeddable":true,"href":"https:\/\/crssag.cl\/index.php\/wp-json\/wp\/v2\/comments?post=413"}],"version-history":[{"count":5,"href":"https:\/\/crssag.cl\/index.php\/wp-json\/wp\/v2\/posts\/413\/revisions"}],"predecessor-version":[{"id":475,"href":"https:\/\/crssag.cl\/index.php\/wp-json\/wp\/v2\/posts\/413\/revisions\/475"}],"wp:attachment":[{"href":"https:\/\/crssag.cl\/index.php\/wp-json\/wp\/v2\/media?parent=413"}],"wp:term":[{"taxonomy":"category","embeddable":true,"href":"https:\/\/crssag.cl\/index.php\/wp-json\/wp\/v2\/categories?post=413"},{"taxonomy":"post_tag","embeddable":true,"href":"https:\/\/crssag.cl\/index.php\/wp-json\/wp\/v2\/tags?post=413"}],"curies":[{"name":"wp","href":"https:\/\/api.w.org\/{rel}","templated":true}]}}