{"id":3699,"date":"2026-03-10T18:09:24","date_gmt":"2026-03-10T21:09:24","guid":{"rendered":"https:\/\/crssag.cl\/?p=3699"},"modified":"2026-03-10T18:20:43","modified_gmt":"2026-03-10T21:20:43","slug":"crs-dr-salvador-allende-gossens-inaugura-sala-de-lactancia-materna-para-usuarias-y-funcionarias","status":"publish","type":"post","link":"https:\/\/crssag.cl\/index.php\/2026\/03\/10\/crs-dr-salvador-allende-gossens-inaugura-sala-de-lactancia-materna-para-usuarias-y-funcionarias\/","title":{"rendered":"CRS Dr. Salvador Allende Gossens inaugura Sala de Lactancia Materna para usuarias y funcionarias"},"content":{"rendered":"\n<figure class=\"wp-block-image size-large\"><img loading=\"lazy\" width=\"958\" height=\"1024\" src=\"https:\/\/crssag.cl\/wp-content\/uploads\/2026\/03\/corte-de-cinta-958x1024.jpg\" alt=\"\" class=\"wp-image-3715\" srcset=\"https:\/\/crssag.cl\/wp-content\/uploads\/2026\/03\/corte-de-cinta-958x1024.jpg 958w, https:\/\/crssag.cl\/wp-content\/uploads\/2026\/03\/corte-de-cinta-281x300.jpg 281w, https:\/\/crssag.cl\/wp-content\/uploads\/2026\/03\/corte-de-cinta-140x150.jpg 140w, https:\/\/crssag.cl\/wp-content\/uploads\/2026\/03\/corte-de-cinta-660x706.jpg 660w, https:\/\/crssag.cl\/wp-content\/uploads\/2026\/03\/corte-de-cinta.jpg 1197w\" sizes=\"(max-width: 958px) 100vw, 958px\" \/><\/figure>\n\n\n\n<p>El nuevo espacio, ubicado estrat\u00e9gicamente a pasos de la Unidad de Ginecolog\u00eda, busca garantizar el derecho al amamantamiento libre en condiciones de dignidad, comodidad y seguridad.<\/p>\n\n\n\n<p>Con el firme objetivo de fortalecer el apoyo a la maternidad y dar cumplimiento a la Ley N\u00b0 21.155 de protecci\u00f3n a la lactancia, el Centro de Referencia de Salud Dr. Salvador Allende Gossens inaugur\u00f3 oficialmente su nueva Sala de Lactancia Materna.<\/p>\n\n\n\n<p>La ceremonia fue encabezada por la Directora del Servicio de Salud Metropolitano Occidente, Dra. Daniella Greibe, y el Director del establecimiento, Dr. Ernesto N\u00fa\u00f1ez, quienes estuvieron acompa\u00f1ados por representantes de los consejos consultivos de usuarios, gremios de la salud y jefaturas del centro de salud.<\/p>\n\n\n\n<p><strong>Un espacio nacido desde el compromiso y la colaboraci\u00f3n<\/strong><\/p>\n\n\n\n<p>M\u00e1s que un avance en infraestructura, este nuevo lactario es el resultado de un esfuerzo colaborativo orientado a humanizar la atenci\u00f3n de salud. El espacio ha sido dise\u00f1ado para ofrecer un entorno tranquilo, privado e higi\u00e9nico, permitiendo que tanto las usuarias como las funcionarias cuenten con un lugar \u00f3ptimo para el amamantamiento o la extracci\u00f3n de leche de forma segura.<\/p>\n\n\n\n<p>\u00abEste lugar ha sido creado con mucho esfuerzo y cari\u00f1o. Queremos que las madres se sientan respetadas y acogidas, brind\u00e1ndoles un espacio digno que proteja ese v\u00ednculo vital que es la lactancia\u00bb, destac\u00f3 el Dr. Ernesto N\u00fa\u00f1ez.<\/p>\n\n\n\n<p><strong>Protecci\u00f3n de derechos y bienestar integral<\/strong><\/p>\n\n\n\n<p>Por su parte, la Dra. Daniella Greibe relev\u00f3 la importancia de este hito dentro de la red salud occidente, se\u00f1alando que este es un primer hito para que el CRS SAG, pueda certificarse en un centro de salud que protege y promueve los derechos maternales, lo que contribuye directamente al bienestar y al respeto de los derechos de las madres y sus hijos, aline\u00e1ndonos con la normativa legal que protege el amamantamiento libre en todo entorno.<\/p>\n\n\n\n<p><strong>Ubicaci\u00f3n estrat\u00e9gica<\/strong><\/p>\n\n\n\n<p>La nueva sala se encuentra a la salida de la Unidad de Ginecolog\u00eda, facilitando un acceso r\u00e1pido y c\u00f3modo para quienes transitan por las zonas de mayor demanda maternal del establecimiento.<\/p>\n\n\n\n<p><\/p>\n\n\n\n<figure class=\"wp-block-gallery columns-3 is-cropped\"><ul class=\"blocks-gallery-grid\"><li class=\"blocks-gallery-item\"><figure><img loading=\"lazy\" width=\"768\" height=\"1024\" src=\"https:\/\/crssag.cl\/wp-content\/uploads\/2026\/03\/AUTORIDADES-CON-CINTA-768x1024.jpg\" alt=\"\" data-id=\"3701\" data-full-url=\"https:\/\/crssag.cl\/wp-content\/uploads\/2026\/03\/AUTORIDADES-CON-CINTA.jpg\" data-link=\"https:\/\/crssag.cl\/?attachment_id=3701\" class=\"wp-image-3701\" srcset=\"https:\/\/crssag.cl\/wp-content\/uploads\/2026\/03\/AUTORIDADES-CON-CINTA-768x1024.jpg 768w, https:\/\/crssag.cl\/wp-content\/uploads\/2026\/03\/AUTORIDADES-CON-CINTA-225x300.jpg 225w, https:\/\/crssag.cl\/wp-content\/uploads\/2026\/03\/AUTORIDADES-CON-CINTA-113x150.jpg 113w, https:\/\/crssag.cl\/wp-content\/uploads\/2026\/03\/AUTORIDADES-CON-CINTA-660x880.jpg 660w, https:\/\/crssag.cl\/wp-content\/uploads\/2026\/03\/AUTORIDADES-CON-CINTA.jpg 960w\" sizes=\"(max-width: 768px) 100vw, 768px\" \/><\/figure><\/li><li class=\"blocks-gallery-item\"><figure><img loading=\"lazy\" width=\"768\" height=\"1024\" src=\"https:\/\/crssag.cl\/wp-content\/uploads\/2026\/03\/SALA-DE-LACTANCIA-MATERNA-768x1024.jpg\" alt=\"\" data-id=\"3706\" data-full-url=\"https:\/\/crssag.cl\/wp-content\/uploads\/2026\/03\/SALA-DE-LACTANCIA-MATERNA.jpg\" data-link=\"https:\/\/crssag.cl\/sala-de-lactancia-materna\/\" class=\"wp-image-3706\" srcset=\"https:\/\/crssag.cl\/wp-content\/uploads\/2026\/03\/SALA-DE-LACTANCIA-MATERNA-768x1024.jpg 768w, https:\/\/crssag.cl\/wp-content\/uploads\/2026\/03\/SALA-DE-LACTANCIA-MATERNA-225x300.jpg 225w, https:\/\/crssag.cl\/wp-content\/uploads\/2026\/03\/SALA-DE-LACTANCIA-MATERNA-113x150.jpg 113w, https:\/\/crssag.cl\/wp-content\/uploads\/2026\/03\/SALA-DE-LACTANCIA-MATERNA-660x880.jpg 660w, https:\/\/crssag.cl\/wp-content\/uploads\/2026\/03\/SALA-DE-LACTANCIA-MATERNA.jpg 960w\" sizes=\"(max-width: 768px) 100vw, 768px\" \/><\/figure><\/li><li class=\"blocks-gallery-item\"><figure><img loading=\"lazy\" width=\"768\" height=\"1024\" src=\"https:\/\/crssag.cl\/wp-content\/uploads\/2026\/03\/letrero-sala-de-lactancia-materna-768x1024.jpg\" alt=\"\" data-id=\"3705\" data-full-url=\"https:\/\/crssag.cl\/wp-content\/uploads\/2026\/03\/letrero-sala-de-lactancia-materna.jpg\" data-link=\"https:\/\/crssag.cl\/letrero-sala-de-lactancia-materna\/\" class=\"wp-image-3705\" srcset=\"https:\/\/crssag.cl\/wp-content\/uploads\/2026\/03\/letrero-sala-de-lactancia-materna-768x1024.jpg 768w, https:\/\/crssag.cl\/wp-content\/uploads\/2026\/03\/letrero-sala-de-lactancia-materna-225x300.jpg 225w, https:\/\/crssag.cl\/wp-content\/uploads\/2026\/03\/letrero-sala-de-lactancia-materna-113x150.jpg 113w, https:\/\/crssag.cl\/wp-content\/uploads\/2026\/03\/letrero-sala-de-lactancia-materna-660x880.jpg 660w, https:\/\/crssag.cl\/wp-content\/uploads\/2026\/03\/letrero-sala-de-lactancia-materna.jpg 960w\" sizes=\"(max-width: 768px) 100vw, 768px\" \/><\/figure><\/li><li class=\"blocks-gallery-item\"><figure><img loading=\"lazy\" width=\"1024\" height=\"768\" src=\"https:\/\/crssag.cl\/wp-content\/uploads\/2026\/03\/LACTARIO-CON-ANGELICA-Y-AUTORIDADES-1024x768.jpg\" alt=\"\" data-id=\"3704\" data-full-url=\"https:\/\/crssag.cl\/wp-content\/uploads\/2026\/03\/LACTARIO-CON-ANGELICA-Y-AUTORIDADES.jpg\" data-link=\"https:\/\/crssag.cl\/lactario-con-angelica-y-autoridades\/\" class=\"wp-image-3704\" srcset=\"https:\/\/crssag.cl\/wp-content\/uploads\/2026\/03\/LACTARIO-CON-ANGELICA-Y-AUTORIDADES-1024x768.jpg 1024w, https:\/\/crssag.cl\/wp-content\/uploads\/2026\/03\/LACTARIO-CON-ANGELICA-Y-AUTORIDADES-300x225.jpg 300w, https:\/\/crssag.cl\/wp-content\/uploads\/2026\/03\/LACTARIO-CON-ANGELICA-Y-AUTORIDADES-150x113.jpg 150w, https:\/\/crssag.cl\/wp-content\/uploads\/2026\/03\/LACTARIO-CON-ANGELICA-Y-AUTORIDADES-660x495.jpg 660w, https:\/\/crssag.cl\/wp-content\/uploads\/2026\/03\/LACTARIO-CON-ANGELICA-Y-AUTORIDADES.jpg 1280w\" sizes=\"(max-width: 1024px) 100vw, 1024px\" \/><\/figure><\/li><li class=\"blocks-gallery-item\"><figure><img loading=\"lazy\" width=\"1024\" height=\"768\" src=\"https:\/\/crssag.cl\/wp-content\/uploads\/2026\/03\/GREMIOS-CON-CINTA-Y-AUTORIDADES-1024x768.jpg\" alt=\"\" data-id=\"3703\" data-full-url=\"https:\/\/crssag.cl\/wp-content\/uploads\/2026\/03\/GREMIOS-CON-CINTA-Y-AUTORIDADES.jpg\" data-link=\"https:\/\/crssag.cl\/gremios-con-cinta-y-autoridades\/\" class=\"wp-image-3703\" srcset=\"https:\/\/crssag.cl\/wp-content\/uploads\/2026\/03\/GREMIOS-CON-CINTA-Y-AUTORIDADES-1024x768.jpg 1024w, https:\/\/crssag.cl\/wp-content\/uploads\/2026\/03\/GREMIOS-CON-CINTA-Y-AUTORIDADES-300x225.jpg 300w, https:\/\/crssag.cl\/wp-content\/uploads\/2026\/03\/GREMIOS-CON-CINTA-Y-AUTORIDADES-150x113.jpg 150w, https:\/\/crssag.cl\/wp-content\/uploads\/2026\/03\/GREMIOS-CON-CINTA-Y-AUTORIDADES-660x495.jpg 660w, https:\/\/crssag.cl\/wp-content\/uploads\/2026\/03\/GREMIOS-CON-CINTA-Y-AUTORIDADES.jpg 1280w\" sizes=\"(max-width: 1024px) 100vw, 1024px\" \/><\/figure><\/li><li class=\"blocks-gallery-item\"><figure><img loading=\"lazy\" width=\"1024\" height=\"768\" src=\"https:\/\/crssag.cl\/wp-content\/uploads\/2026\/03\/AUTORIDES-DEL-CRSSAG_2-ARREGLADA-1024x768.jpg\" alt=\"\" data-id=\"3702\" data-full-url=\"https:\/\/crssag.cl\/wp-content\/uploads\/2026\/03\/AUTORIDES-DEL-CRSSAG_2-ARREGLADA.jpg\" data-link=\"https:\/\/crssag.cl\/autorides-del-crssag_2-arreglada\/\" class=\"wp-image-3702\" srcset=\"https:\/\/crssag.cl\/wp-content\/uploads\/2026\/03\/AUTORIDES-DEL-CRSSAG_2-ARREGLADA-1024x768.jpg 1024w, https:\/\/crssag.cl\/wp-content\/uploads\/2026\/03\/AUTORIDES-DEL-CRSSAG_2-ARREGLADA-300x225.jpg 300w, https:\/\/crssag.cl\/wp-content\/uploads\/2026\/03\/AUTORIDES-DEL-CRSSAG_2-ARREGLADA-150x112.jpg 150w, https:\/\/crssag.cl\/wp-content\/uploads\/2026\/03\/AUTORIDES-DEL-CRSSAG_2-ARREGLADA-660x495.jpg 660w, https:\/\/crssag.cl\/wp-content\/uploads\/2026\/03\/AUTORIDES-DEL-CRSSAG_2-ARREGLADA.jpg 1195w\" sizes=\"(max-width: 1024px) 100vw, 1024px\" \/><\/figure><\/li><li class=\"blocks-gallery-item\"><figure><img loading=\"lazy\" width=\"1024\" height=\"821\" src=\"https:\/\/crssag.cl\/wp-content\/uploads\/2026\/03\/subdirectoras-1024x821.jpg\" alt=\"\" data-id=\"3707\" data-full-url=\"https:\/\/crssag.cl\/wp-content\/uploads\/2026\/03\/subdirectoras.jpg\" data-link=\"https:\/\/crssag.cl\/subdirectoras\/\" class=\"wp-image-3707\" srcset=\"https:\/\/crssag.cl\/wp-content\/uploads\/2026\/03\/subdirectoras-1024x821.jpg 1024w, https:\/\/crssag.cl\/wp-content\/uploads\/2026\/03\/subdirectoras-300x240.jpg 300w, https:\/\/crssag.cl\/wp-content\/uploads\/2026\/03\/subdirectoras-150x120.jpg 150w, https:\/\/crssag.cl\/wp-content\/uploads\/2026\/03\/subdirectoras-660x529.jpg 660w, https:\/\/crssag.cl\/wp-content\/uploads\/2026\/03\/subdirectoras.jpg 1118w\" sizes=\"(max-width: 1024px) 100vw, 1024px\" \/><\/figure><\/li><\/ul><\/figure>\n","protected":false},"excerpt":{"rendered":"<figure class=\"wp-block-image size-large\"><img loading=\"lazy\" width=\"958\" height=\"1024\" src=\"https:\/\/crssag.cl\/wp-content\/uploads\/2026\/03\/corte-de-cinta-958x1024.jpg\" alt=\"\" class=\"wp-image-3715\" srcset=\"https:\/\/crssag.cl\/wp-content\/uploads\/2026\/03\/corte-de-cinta-958x1024.jpg 958w, https:\/\/crssag.cl\/wp-content\/uploads\/2026\/03\/corte-de-cinta-281x300.jpg 281w, https:\/\/crssag.cl\/wp-content\/uploads\/2026\/03\/corte-de-cinta-140x150.jpg 140w, https:\/\/crssag.cl\/wp-content\/uploads\/2026\/03\/corte-de-cinta-660x706.jpg 660w, https:\/\/crssag.cl\/wp-content\/uploads\/2026\/03\/corte-de-cinta.jpg 1197w\" sizes=\"(max-width: 958px) 100vw, 958px\" \/><\/figure>\n<p>El nuevo espacio, ubicado estrat\u00e9gicamente a pasos de la Unidad de Ginecolog\u00eda, busca garantizar el derecho al amamantamiento libre en condiciones de dignidad, comodidad y seguridad.<\/p>\n<p>Con el firme objetivo de fortalecer el apoyo a la maternidad y dar cumplimiento a la Ley N\u00b0 21.155 de protecci\u00f3n a la lactancia, el Centro de Referencia de Salud Dr. Salvador Allende Gossens inaugur\u00f3 oficialmente su nueva Sala de Lactancia Materna.<\/p>\n<p>La ceremonia fue encabezada por la Directora del Servicio de Salud Metropolitano Occidente, Dra. Daniella Greibe, y el Director del establecimiento, Dr. Ernesto N\u00fa\u00f1ez, quienes estuvieron acompa\u00f1ados por representantes de los consejos consultivos de usuarios, gremios de la salud y jefaturas del centro de salud.<\/p>\n<p><strong>Un espacio nacido desde el compromiso y la colaboraci\u00f3n<\/strong><\/p>\n<p>M\u00e1s que un avance en infraestructura, este nuevo lactario es el resultado de un esfuerzo colaborativo orientado a humanizar la atenci\u00f3n de salud. El espacio ha sido dise\u00f1ado para ofrecer un entorno tranquilo, privado e higi\u00e9nico, permitiendo que tanto las usuarias como las funcionarias cuenten con un lugar \u00f3ptimo para el amamantamiento o la extracci\u00f3n de leche de forma segura.<\/p>\n<p>\u00abEste lugar ha sido creado con mucho esfuerzo y cari\u00f1o. Queremos que las madres se sientan respetadas y acogidas, brind\u00e1ndoles un espacio digno que proteja ese v\u00ednculo vital que es la lactancia\u00bb, destac\u00f3 el Dr. Ernesto N\u00fa\u00f1ez.<\/p>\n<p><strong>Protecci\u00f3n de derechos y bienestar integral<\/strong><\/p>\n<p>Por su parte, la Dra. Daniella Greibe relev\u00f3 la importancia de este hito dentro de la red salud occidente, se\u00f1alando que este es un primer hito para que el CRS SAG, pueda certificarse en un centro de salud que protege y promueve los derechos maternales, lo que contribuye directamente al bienestar y al respeto de los derechos de las madres y sus hijos, aline\u00e1ndonos con la normativa legal que protege el amamantamiento libre en todo entorno.<\/p>\n<p><strong>Ubicaci\u00f3n estrat\u00e9gica<\/strong><\/p>\n<p>La nueva sala se encuentra a la salida de la Unidad de Ginecolog\u00eda, facilitando un acceso r\u00e1pido y c\u00f3modo para quienes transitan por las zonas de mayor demanda maternal del establecimiento.<\/p>\n<\/p>\n<figure class=\"wp-block-gallery columns-3 is-cropped\">\n<ul class=\"blocks-gallery-grid\">\n<li class=\"blocks-gallery-item\">\n<figure><img loading=\"lazy\" width=\"768\" height=\"1024\" src=\"https:\/\/crssag.cl\/wp-content\/uploads\/2026\/03\/AUTORIDADES-CON-CINTA-768x1024.jpg\" alt=\"\" data-id=\"3701\" data-full-url=\"https:\/\/crssag.cl\/wp-content\/uploads\/2026\/03\/AUTORIDADES-CON-CINTA.jpg\" data-link=\"https:\/\/crssag.cl\/?attachment_id=3701\" class=\"wp-image-3701\" srcset=\"https:\/\/crssag.cl\/wp-content\/uploads\/2026\/03\/AUTORIDADES-CON-CINTA-768x1024.jpg 768w, https:\/\/crssag.cl\/wp-content\/uploads\/2026\/03\/AUTORIDADES-CON-CINTA-225x300.jpg 225w, https:\/\/crssag.cl\/wp-content\/uploads\/2026\/03\/AUTORIDADES-CON-CINTA-113x150.jpg 113w, https:\/\/crssag.cl\/wp-content\/uploads\/2026\/03\/AUTORIDADES-CON-CINTA-660x880.jpg 660w, https:\/\/crssag.cl\/wp-content\/uploads\/2026\/03\/AUTORIDADES-CON-CINTA.jpg 960w\" sizes=\"(max-width: 768px) 100vw, 768px\" \/><\/figure>\n<\/li>\n<li class=\"blocks-gallery-item\">\n<figure><img loading=\"lazy\" width=\"768\" height=\"1024\" src=\"https:\/\/crssag.cl\/wp-content\/uploads\/2026\/03\/SALA-DE-LACTANCIA-MATERNA-768x1024.jpg\" alt=\"\" data-id=\"3706\" data-full-url=\"https:\/\/crssag.cl\/wp-content\/uploads\/2026\/03\/SALA-DE-LACTANCIA-MATERNA.jpg\" data-link=\"https:\/\/crssag.cl\/sala-de-lactancia-materna\/\" class=\"wp-image-3706\" srcset=\"https:\/\/crssag.cl\/wp-content\/uploads\/2026\/03\/SALA-DE-LACTANCIA-MATERNA-768x1024.jpg 768w, https:\/\/crssag.cl\/wp-content\/uploads\/2026\/03\/SALA-DE-LACTANCIA-MATERNA-225x300.jpg 225w, https:\/\/crssag.cl\/wp-content\/uploads\/2026\/03\/SALA-DE-LACTANCIA-MATERNA-113x150.jpg 113w, https:\/\/crssag.cl\/wp-content\/uploads\/2026\/03\/SALA-DE-LACTANCIA-MATERNA-660x880.jpg 660w, https:\/\/crssag.cl\/wp-content\/uploads\/2026\/03\/SALA-DE-LACTANCIA-MATERNA.jpg 960w\" sizes=\"(max-width: 768px) 100vw, 768px\" \/><\/figure>\n<\/li>\n<li class=\"blocks-gallery-item\">\n<figure><img loading=\"lazy\" width=\"768\" height=\"1024\" src=\"https:\/\/crssag.cl\/wp-content\/uploads\/2026\/03\/letrero-sala-de-lactancia-materna-768x1024.jpg\" alt=\"\" data-id=\"3705\" data-full-url=\"https:\/\/crssag.cl\/wp-content\/uploads\/2026\/03\/letrero-sala-de-lactancia-materna.jpg\" data-link=\"https:\/\/crssag.cl\/letrero-sala-de-lactancia-materna\/\" class=\"wp-image-3705\" srcset=\"https:\/\/crssag.cl\/wp-content\/uploads\/2026\/03\/letrero-sala-de-lactancia-materna-768x1024.jpg 768w, https:\/\/crssag.cl\/wp-content\/uploads\/2026\/03\/letrero-sala-de-lactancia-materna-225x300.jpg 225w, https:\/\/crssag.cl\/wp-content\/uploads\/2026\/03\/letrero-sala-de-lactancia-materna-113x150.jpg 113w, https:\/\/crssag.cl\/wp-content\/uploads\/2026\/03\/letrero-sala-de-lactancia-materna-660x880.jpg 660w, https:\/\/crssag.cl\/wp-content\/uploads\/2026\/03\/letrero-sala-de-lactancia-materna.jpg 960w\" sizes=\"(max-width: 768px) 100vw, 768px\" \/><\/figure>\n<\/li>\n<li class=\"blocks-gallery-item\">\n<figure><img loading=\"lazy\" width=\"1024\" height=\"768\" src=\"https:\/\/crssag.cl\/wp-content\/uploads\/2026\/03\/LACTARIO-CON-ANGELICA-Y-AUTORIDADES-1024x768.jpg\" alt=\"\" data-id=\"3704\" data-full-url=\"https:\/\/crssag.cl\/wp-content\/uploads\/2026\/03\/LACTARIO-CON-ANGELICA-Y-AUTORIDADES.jpg\" data-link=\"https:\/\/crssag.cl\/lactario-con-angelica-y-autoridades\/\" class=\"wp-image-3704\" srcset=\"https:\/\/crssag.cl\/wp-content\/uploads\/2026\/03\/LACTARIO-CON-ANGELICA-Y-AUTORIDADES-1024x768.jpg 1024w, https:\/\/crssag.cl\/wp-content\/uploads\/2026\/03\/LACTARIO-CON-ANGELICA-Y-AUTORIDADES-300x225.jpg 300w, https:\/\/crssag.cl\/wp-content\/uploads\/2026\/03\/LACTARIO-CON-ANGELICA-Y-AUTORIDADES-150x113.jpg 150w, https:\/\/crssag.cl\/wp-content\/uploads\/2026\/03\/LACTARIO-CON-ANGELICA-Y-AUTORIDADES-660x495.jpg 660w, https:\/\/crssag.cl\/wp-content\/uploads\/2026\/03\/LACTARIO-CON-ANGELICA-Y-AUTORIDADES.jpg 1280w\" sizes=\"(max-width: 1024px) 100vw, 1024px\" \/><\/figure>\n<\/li>\n<li class=\"blocks-gallery-item\">\n<figure><img loading=\"lazy\" width=\"1024\" height=\"768\" src=\"https:\/\/crssag.cl\/wp-content\/uploads\/2026\/03\/GREMIOS-CON-CINTA-Y-AUTORIDADES-1024x768.jpg\" alt=\"\" data-id=\"3703\" data-full-url=\"https:\/\/crssag.cl\/wp-content\/uploads\/2026\/03\/GREMIOS-CON-CINTA-Y-AUTORIDADES.jpg\" data-link=\"https:\/\/crssag.cl\/gremios-con-cinta-y-autoridades\/\" class=\"wp-image-3703\" srcset=\"https:\/\/crssag.cl\/wp-content\/uploads\/2026\/03\/GREMIOS-CON-CINTA-Y-AUTORIDADES-1024x768.jpg 1024w, https:\/\/crssag.cl\/wp-content\/uploads\/2026\/03\/GREMIOS-CON-CINTA-Y-AUTORIDADES-300x225.jpg 300w, https:\/\/crssag.cl\/wp-content\/uploads\/2026\/03\/GREMIOS-CON-CINTA-Y-AUTORIDADES-150x113.jpg 150w, https:\/\/crssag.cl\/wp-content\/uploads\/2026\/03\/GREMIOS-CON-CINTA-Y-AUTORIDADES-660x495.jpg 660w, https:\/\/crssag.cl\/wp-content\/uploads\/2026\/03\/GREMIOS-CON-CINTA-Y-AUTORIDADES.jpg 1280w\" sizes=\"(max-width: 1024px) 100vw, 1024px\" \/><\/figure>\n<\/li>\n<li class=\"blocks-gallery-item\">\n<figure><img loading=\"lazy\" width=\"1024\" height=\"768\" src=\"https:\/\/crssag.cl\/wp-content\/uploads\/2026\/03\/AUTORIDES-DEL-CRSSAG_2-ARREGLADA-1024x768.jpg\" alt=\"\" data-id=\"3702\" data-full-url=\"https:\/\/crssag.cl\/wp-content\/uploads\/2026\/03\/AUTORIDES-DEL-CRSSAG_2-ARREGLADA.jpg\" data-link=\"https:\/\/crssag.cl\/autorides-del-crssag_2-arreglada\/\" class=\"wp-image-3702\" srcset=\"https:\/\/crssag.cl\/wp-content\/uploads\/2026\/03\/AUTORIDES-DEL-CRSSAG_2-ARREGLADA-1024x768.jpg 1024w, https:\/\/crssag.cl\/wp-content\/uploads\/2026\/03\/AUTORIDES-DEL-CRSSAG_2-ARREGLADA-300x225.jpg 300w, https:\/\/crssag.cl\/wp-content\/uploads\/2026\/03\/AUTORIDES-DEL-CRSSAG_2-ARREGLADA-150x112.jpg 150w, https:\/\/crssag.cl\/wp-content\/uploads\/2026\/03\/AUTORIDES-DEL-CRSSAG_2-ARREGLADA-660x495.jpg 660w, https:\/\/crssag.cl\/wp-content\/uploads\/2026\/03\/AUTORIDES-DEL-CRSSAG_2-ARREGLADA.jpg 1195w\" sizes=\"(max-width: 1024px) 100vw, 1024px\" \/><\/figure>\n<\/li>\n<li class=\"blocks-gallery-item\">\n<figure><img loading=\"lazy\" width=\"1024\" height=\"821\" src=\"https:\/\/crssag.cl\/wp-content\/uploads\/2026\/03\/subdirectoras-1024x821.jpg\" alt=\"\" data-id=\"3707\" data-full-url=\"https:\/\/crssag.cl\/wp-content\/uploads\/2026\/03\/subdirectoras.jpg\" data-link=\"https:\/\/crssag.cl\/subdirectoras\/\" class=\"wp-image-3707\" srcset=\"https:\/\/crssag.cl\/wp-content\/uploads\/2026\/03\/subdirectoras-1024x821.jpg 1024w, https:\/\/crssag.cl\/wp-content\/uploads\/2026\/03\/subdirectoras-300x240.jpg 300w, https:\/\/crssag.cl\/wp-content\/uploads\/2026\/03\/subdirectoras-150x120.jpg 150w, https:\/\/crssag.cl\/wp-content\/uploads\/2026\/03\/subdirectoras-660x529.jpg 660w, https:\/\/crssag.cl\/wp-content\/uploads\/2026\/03\/subdirectoras.jpg 1118w\" sizes=\"(max-width: 1024px) 100vw, 1024px\" \/><\/figure>\n<\/li>\n<\/ul>\n<\/figure>\n","protected":false},"author":4,"featured_media":0,"comment_status":"closed","ping_status":"open","sticky":false,"template":"","format":"standard","meta":[],"categories":[4],"tags":[],"_links":{"self":[{"href":"https:\/\/crssag.cl\/index.php\/wp-json\/wp\/v2\/posts\/3699"}],"collection":[{"href":"https:\/\/crssag.cl\/index.php\/wp-json\/wp\/v2\/posts"}],"about":[{"href":"https:\/\/crssag.cl\/index.php\/wp-json\/wp\/v2\/types\/post"}],"author":[{"embeddable":true,"href":"https:\/\/crssag.cl\/index.php\/wp-json\/wp\/v2\/users\/4"}],"replies":[{"embeddable":true,"href":"https:\/\/crssag.cl\/index.php\/wp-json\/wp\/v2\/comments?post=3699"}],"version-history":[{"count":8,"href":"https:\/\/crssag.cl\/index.php\/wp-json\/wp\/v2\/posts\/3699\/revisions"}],"predecessor-version":[{"id":3716,"href":"https:\/\/crssag.cl\/index.php\/wp-json\/wp\/v2\/posts\/3699\/revisions\/3716"}],"wp:attachment":[{"href":"https:\/\/crssag.cl\/index.php\/wp-json\/wp\/v2\/media?parent=3699"}],"wp:term":[{"taxonomy":"category","embeddable":true,"href":"https:\/\/crssag.cl\/index.php\/wp-json\/wp\/v2\/categories?post=3699"},{"taxonomy":"post_tag","embeddable":true,"href":"https:\/\/crssag.cl\/index.php\/wp-json\/wp\/v2\/tags?post=3699"}],"curies":[{"name":"wp","href":"https:\/\/api.w.org\/{rel}","templated":true}]}}