{"id":3223,"date":"2024-02-02T14:05:04","date_gmt":"2024-02-02T17:05:04","guid":{"rendered":"https:\/\/crssag.cl\/?p=3223"},"modified":"2024-02-02T15:14:00","modified_gmt":"2024-02-02T18:14:00","slug":"director-del-crs-dr-salvador-allende-toma-medidas-para-proteger-la-salud-de-usuarios-as-y-personal-frente-a-las-olas-de-calor","status":"publish","type":"post","link":"https:\/\/crssag.cl\/index.php\/2024\/02\/02\/director-del-crs-dr-salvador-allende-toma-medidas-para-proteger-la-salud-de-usuarios-as-y-personal-frente-a-las-olas-de-calor\/","title":{"rendered":"DIRECTOR DEL CRS DR. SALVADOR ALLENDE TOMA MEDIDAS PARA PROTEGER LA SALUD DE USUARIOS\/AS Y PERSONAL FRENTE A LAS OLAS DE CALOR"},"content":{"rendered":"\n<figure class=\"wp-block-gallery columns-1 is-cropped\"><ul class=\"blocks-gallery-grid\"><li class=\"blocks-gallery-item\"><figure><img loading=\"lazy\" width=\"1024\" height=\"768\" src=\"https:\/\/crssag.cl\/wp-content\/uploads\/2024\/02\/DOME-EN-AUDITORIO-2_Easy-Resize.com_-1024x768.jpg\" alt=\"\" data-id=\"3232\" data-full-url=\"https:\/\/crssag.cl\/wp-content\/uploads\/2024\/02\/DOME-EN-AUDITORIO-2_Easy-Resize.com_.jpg\" data-link=\"https:\/\/crssag.cl\/dome-en-auditorio-2_easy-resize-com\/\" class=\"wp-image-3232\" srcset=\"https:\/\/crssag.cl\/wp-content\/uploads\/2024\/02\/DOME-EN-AUDITORIO-2_Easy-Resize.com_-1024x768.jpg 1024w, https:\/\/crssag.cl\/wp-content\/uploads\/2024\/02\/DOME-EN-AUDITORIO-2_Easy-Resize.com_-300x225.jpg 300w, https:\/\/crssag.cl\/wp-content\/uploads\/2024\/02\/DOME-EN-AUDITORIO-2_Easy-Resize.com_-150x113.jpg 150w, https:\/\/crssag.cl\/wp-content\/uploads\/2024\/02\/DOME-EN-AUDITORIO-2_Easy-Resize.com_-660x495.jpg 660w, https:\/\/crssag.cl\/wp-content\/uploads\/2024\/02\/DOME-EN-AUDITORIO-2_Easy-Resize.com_.jpg 1280w\" sizes=\"(max-width: 1024px) 100vw, 1024px\" \/><\/figure><\/li><\/ul><\/figure>\n\n\n\n<p>Gran preocupaci\u00f3n en el CRS SAG, especialmente de la <strong>Comisi\u00f3n Operativa de Emergencia del Centro de Salud<\/strong>, por la seguridad y salud de las personas, especialmente de los\/las usuarios y trabajadores\/as que se ven afectados por las altas temperaturas que enfrenta el pa\u00eds, particularmente en la Regi\u00f3n Metropolitana.<\/p>\n<p>Seg\u00fan inform\u00f3 el director del CRS SAG, DR. Ernesto N\u00fa\u00f1ez, \u201c<strong>dadas estas circunstancias hemos implementado algunas medidas que puedan proteger y fortalecer a nuestros usuarios\/as y personal, para los meses de enero, febrero y marzo\u00bb.<\/strong><\/p>\n<p>Las medidas adoptadas por el CRS SAG, para los\/las pacientes por las altas y extremas temperaturas, que se han concretado son:<br \/>-Dispensadores de agua en el primer piso como puntos de hidrataci\u00f3n y se est\u00e1 evaluando la posibilidad de compra para el segundo piso.<br \/>-Reagendamiento de citas de pacientes adultos mayores y ni\u00f1os\/ni\u00f1as en horario de menores temperaturas.<br \/>-Mantenci\u00f3n de una adecuada ventilaci\u00f3n de puertas y ventanas, con el prop\u00f3sito que disminuya la sensaci\u00f3n t\u00e9rmica de calor.<\/p>\n<p>En esa misma l\u00ednea, se tomaron medidas preventivas para cuidar la salud de los funcionarios del CRS SAG, ofreciendo el director, Dr. Ernesto N\u00fa\u00f1ez, el d\u00eda 31 de enero de 2024, el traslado del personal que no contaban con las condiciones m\u00ednimas para desarrollar sus funciones, a lugares con aire acondicionado.<\/p>\n<p><img loading=\"lazy\" class=\"alignnone size-medium wp-image-3244 aligncenter\" src=\"https:\/\/crssag.cl\/wp-content\/uploads\/2024\/02\/INSTALACION-DE-AIRE-ACONDICIONADO_Easy-Resize.com_-225x300.jpg\" alt=\"\" width=\"225\" height=\"300\" srcset=\"https:\/\/crssag.cl\/wp-content\/uploads\/2024\/02\/INSTALACION-DE-AIRE-ACONDICIONADO_Easy-Resize.com_-225x300.jpg 225w, https:\/\/crssag.cl\/wp-content\/uploads\/2024\/02\/INSTALACION-DE-AIRE-ACONDICIONADO_Easy-Resize.com_-768x1024.jpg 768w, https:\/\/crssag.cl\/wp-content\/uploads\/2024\/02\/INSTALACION-DE-AIRE-ACONDICIONADO_Easy-Resize.com_-113x150.jpg 113w, https:\/\/crssag.cl\/wp-content\/uploads\/2024\/02\/INSTALACION-DE-AIRE-ACONDICIONADO_Easy-Resize.com_-660x880.jpg 660w, https:\/\/crssag.cl\/wp-content\/uploads\/2024\/02\/INSTALACION-DE-AIRE-ACONDICIONADO_Easy-Resize.com_.jpg 960w\" sizes=\"(max-width: 225px) 100vw, 225px\" \/><\/p>\n<p>La Sala de reuniones de la direcci\u00f3n del centro de salud y auditorio; en la primera se instalaron los funcionarios de Oficina de Partes y la Jefa de Esterilizaci\u00f3n, en cambio en la segunda se acomodaron el personal de SOME, que no realiza atenci\u00f3n de p\u00fablico.<\/p>\n<p>Queremos hacer menci\u00f3n, que para los funcionarios\/as que realicen labores administrativas y que no dispongan de aire acondicionado en sus lugares de trabajo, contamos con espacio suficiente en el Auditorio del CRS SAG, en la entrada costado derecho del establecimiento.<\/p>\n<p>El CRS SAG con la constante preocupaci\u00f3n de pacientes y trabajadores\/as, con especial cuidado en los que son m\u00e1s sensibles (problemas respiratorios, renales, obesos, problemas cardiovasculares y adultos mayores de 55 a\u00f1os) y, que por las temperaturas extremas pueden verse afectados a una emergencia m\u00e9dica, como un golpe de calor.<\/p>\n<p>Adem\u00e1s, de las medidas mencionadas, se est\u00e1 analizando por parte de la Subdirecci\u00f3n M\u00e9dica del Centro de Salud, destinar ventiladores para los Box de Medicina, que carecen de este aparato que transmite energ\u00eda.<\/p>\n<p>Finalmente, les recordamos que somos un establecimiento libre de humo de tabaco, esto significa, que est\u00e1 prohibido fumar en todo el espacio abierto o exterior del establecimiento de salud.<\/p>\n<p>La mayor temperatura en la Comuna de Pudahuel, alcanz\u00f3 los 37,3 grados, el d\u00eda mi\u00e9rcoles 31 de enero de 2024.<\/p>\n<p>La Comisi\u00f3n operativa de emergencia en el CRS Dr. Salvador Allende Gossens, est\u00e1 liderada por el director, Dr. Ernesto N\u00fa\u00f1ez Bornand, y la constituyen el subdirector administrativo, ingeniero comercial, Jorge Bascu\u00f1\u00e1n; el jefe de Calidad y Seguridad del paciente e IAAS, kinesi\u00f3logo Eduardo Carvajal; jefe de operaciones, ingeniero Camilo Lazo; como tambi\u00e9n la encargada en Prevenci\u00f3n de Riesgos, Gloria Valdebenitos y la jefa de Auditor\u00eda, Eva G\u00f3mez.<\/p>\n<p>\u00a0<\/p>\n\n\n\n<figure class=\"wp-block-gallery columns-2 is-cropped\"><ul class=\"blocks-gallery-grid\"><li class=\"blocks-gallery-item\"><figure><img loading=\"lazy\" width=\"1024\" height=\"768\" src=\"https:\/\/crssag.cl\/wp-content\/uploads\/2024\/02\/INGENIERO-Y-FUNCIONARIA-TECNICO-DE-SOME_Easy-Resize.com-1-1024x768.jpg\" alt=\"\" data-id=\"3241\" data-full-url=\"https:\/\/crssag.cl\/wp-content\/uploads\/2024\/02\/INGENIERO-Y-FUNCIONARIA-TECNICO-DE-SOME_Easy-Resize.com-1.jpg\" data-link=\"https:\/\/crssag.cl\/index.php\/2024\/02\/02\/director-del-crs-dr-salvador-allende-toma-medidas-para-proteger-la-salud-de-usuarios-as-y-personal-frente-a-las-olas-de-calor\/ingeniero-y-funcionaria-tecnico-de-some_easy-resize-com-1\/\" class=\"wp-image-3241\" srcset=\"https:\/\/crssag.cl\/wp-content\/uploads\/2024\/02\/INGENIERO-Y-FUNCIONARIA-TECNICO-DE-SOME_Easy-Resize.com-1-1024x768.jpg 1024w, https:\/\/crssag.cl\/wp-content\/uploads\/2024\/02\/INGENIERO-Y-FUNCIONARIA-TECNICO-DE-SOME_Easy-Resize.com-1-300x225.jpg 300w, https:\/\/crssag.cl\/wp-content\/uploads\/2024\/02\/INGENIERO-Y-FUNCIONARIA-TECNICO-DE-SOME_Easy-Resize.com-1-150x113.jpg 150w, https:\/\/crssag.cl\/wp-content\/uploads\/2024\/02\/INGENIERO-Y-FUNCIONARIA-TECNICO-DE-SOME_Easy-Resize.com-1-660x495.jpg 660w, https:\/\/crssag.cl\/wp-content\/uploads\/2024\/02\/INGENIERO-Y-FUNCIONARIA-TECNICO-DE-SOME_Easy-Resize.com-1.jpg 1280w\" sizes=\"(max-width: 1024px) 100vw, 1024px\" \/><figcaption class=\"blocks-gallery-item__caption\">Ingeniero Inform\u00e1tico habilitando puestos de trabajo para funcionarios de SOME<\/figcaption><\/figure><\/li><li class=\"blocks-gallery-item\"><figure><img loading=\"lazy\" width=\"1024\" height=\"768\" src=\"https:\/\/crssag.cl\/wp-content\/uploads\/2024\/02\/SOME-EN-AUDITORIO_Easy-Resize.com_-1-1024x768.jpg\" alt=\"\" data-id=\"3234\" data-full-url=\"https:\/\/crssag.cl\/wp-content\/uploads\/2024\/02\/SOME-EN-AUDITORIO_Easy-Resize.com_-1.jpg\" data-link=\"https:\/\/crssag.cl\/some-en-auditorio_easy-resize-com-2\/\" class=\"wp-image-3234\" srcset=\"https:\/\/crssag.cl\/wp-content\/uploads\/2024\/02\/SOME-EN-AUDITORIO_Easy-Resize.com_-1-1024x768.jpg 1024w, https:\/\/crssag.cl\/wp-content\/uploads\/2024\/02\/SOME-EN-AUDITORIO_Easy-Resize.com_-1-300x225.jpg 300w, https:\/\/crssag.cl\/wp-content\/uploads\/2024\/02\/SOME-EN-AUDITORIO_Easy-Resize.com_-1-150x113.jpg 150w, https:\/\/crssag.cl\/wp-content\/uploads\/2024\/02\/SOME-EN-AUDITORIO_Easy-Resize.com_-1-660x495.jpg 660w, https:\/\/crssag.cl\/wp-content\/uploads\/2024\/02\/SOME-EN-AUDITORIO_Easy-Resize.com_-1.jpg 1280w\" sizes=\"(max-width: 1024px) 100vw, 1024px\" \/><figcaption class=\"blocks-gallery-item__caption\">Funcionarias Administrativas SOME, en Auditorio<\/figcaption><\/figure><\/li><\/ul><\/figure>\n\n\n\n<figure class=\"wp-block-gallery columns-3 is-cropped\"><ul class=\"blocks-gallery-grid\"><li class=\"blocks-gallery-item\"><figure><img loading=\"lazy\" width=\"1024\" height=\"768\" src=\"https:\/\/crssag.cl\/wp-content\/uploads\/2024\/02\/AGUA-3.jpg\" alt=\"\" data-id=\"3228\" data-full-url=\"https:\/\/crssag.cl\/wp-content\/uploads\/2024\/02\/AGUA-3.jpg\" data-link=\"https:\/\/crssag.cl\/?attachment_id=3228\" class=\"wp-image-3228\" srcset=\"https:\/\/crssag.cl\/wp-content\/uploads\/2024\/02\/AGUA-3.jpg 1024w, https:\/\/crssag.cl\/wp-content\/uploads\/2024\/02\/AGUA-3-300x225.jpg 300w, https:\/\/crssag.cl\/wp-content\/uploads\/2024\/02\/AGUA-3-150x113.jpg 150w, https:\/\/crssag.cl\/wp-content\/uploads\/2024\/02\/AGUA-3-660x495.jpg 660w\" sizes=\"(max-width: 1024px) 100vw, 1024px\" \/><figcaption class=\"blocks-gallery-item__caption\">Dispensadores de agua<\/figcaption><\/figure><\/li><li class=\"blocks-gallery-item\"><figure><img loading=\"lazy\" width=\"1024\" height=\"768\" src=\"https:\/\/crssag.cl\/wp-content\/uploads\/2024\/02\/ANGELICA-OFICINA-DE-PARTES_Easy-Resize.com_-1024x768.jpg\" alt=\"\" data-id=\"3231\" data-full-url=\"https:\/\/crssag.cl\/wp-content\/uploads\/2024\/02\/ANGELICA-OFICINA-DE-PARTES_Easy-Resize.com_.jpg\" data-link=\"https:\/\/crssag.cl\/angelica-oficina-de-partes_easy-resize-com\/\" class=\"wp-image-3231\" srcset=\"https:\/\/crssag.cl\/wp-content\/uploads\/2024\/02\/ANGELICA-OFICINA-DE-PARTES_Easy-Resize.com_-1024x768.jpg 1024w, https:\/\/crssag.cl\/wp-content\/uploads\/2024\/02\/ANGELICA-OFICINA-DE-PARTES_Easy-Resize.com_-300x225.jpg 300w, https:\/\/crssag.cl\/wp-content\/uploads\/2024\/02\/ANGELICA-OFICINA-DE-PARTES_Easy-Resize.com_-150x113.jpg 150w, https:\/\/crssag.cl\/wp-content\/uploads\/2024\/02\/ANGELICA-OFICINA-DE-PARTES_Easy-Resize.com_-660x495.jpg 660w, https:\/\/crssag.cl\/wp-content\/uploads\/2024\/02\/ANGELICA-OFICINA-DE-PARTES_Easy-Resize.com_.jpg 1280w\" sizes=\"(max-width: 1024px) 100vw, 1024px\" \/><figcaption class=\"blocks-gallery-item__caption\">Oficina de Partes, en sala de reuniones, Direcci\u00f3n<\/figcaption><\/figure><\/li><li class=\"blocks-gallery-item\"><figure><img loading=\"lazy\" width=\"1024\" height=\"768\" src=\"https:\/\/crssag.cl\/wp-content\/uploads\/2024\/02\/SOME-EN-AUDITORIO3_Easy-Resize.com_-1024x768.jpg\" alt=\"\" data-id=\"3235\" data-full-url=\"https:\/\/crssag.cl\/wp-content\/uploads\/2024\/02\/SOME-EN-AUDITORIO3_Easy-Resize.com_.jpg\" data-link=\"https:\/\/crssag.cl\/some-en-auditorio3_easy-resize-com\/\" class=\"wp-image-3235\" srcset=\"https:\/\/crssag.cl\/wp-content\/uploads\/2024\/02\/SOME-EN-AUDITORIO3_Easy-Resize.com_-1024x768.jpg 1024w, https:\/\/crssag.cl\/wp-content\/uploads\/2024\/02\/SOME-EN-AUDITORIO3_Easy-Resize.com_-300x225.jpg 300w, https:\/\/crssag.cl\/wp-content\/uploads\/2024\/02\/SOME-EN-AUDITORIO3_Easy-Resize.com_-150x113.jpg 150w, https:\/\/crssag.cl\/wp-content\/uploads\/2024\/02\/SOME-EN-AUDITORIO3_Easy-Resize.com_-660x495.jpg 660w, https:\/\/crssag.cl\/wp-content\/uploads\/2024\/02\/SOME-EN-AUDITORIO3_Easy-Resize.com_.jpg 1280w\" sizes=\"(max-width: 1024px) 100vw, 1024px\" \/><figcaption class=\"blocks-gallery-item__caption\">Ingeniero instalando a funcionarios en Auditorio del CRS SAG<\/figcaption><\/figure><\/li><\/ul><\/figure>\n","protected":false},"excerpt":{"rendered":"<figure class=\"wp-block-gallery columns-1 is-cropped\">\n<ul class=\"blocks-gallery-grid\">\n<li class=\"blocks-gallery-item\">\n<figure><img loading=\"lazy\" width=\"1024\" height=\"768\" src=\"https:\/\/crssag.cl\/wp-content\/uploads\/2024\/02\/DOME-EN-AUDITORIO-2_Easy-Resize.com_-1024x768.jpg\" alt=\"\" data-id=\"3232\" data-full-url=\"https:\/\/crssag.cl\/wp-content\/uploads\/2024\/02\/DOME-EN-AUDITORIO-2_Easy-Resize.com_.jpg\" data-link=\"https:\/\/crssag.cl\/dome-en-auditorio-2_easy-resize-com\/\" class=\"wp-image-3232\" srcset=\"https:\/\/crssag.cl\/wp-content\/uploads\/2024\/02\/DOME-EN-AUDITORIO-2_Easy-Resize.com_-1024x768.jpg 1024w, https:\/\/crssag.cl\/wp-content\/uploads\/2024\/02\/DOME-EN-AUDITORIO-2_Easy-Resize.com_-300x225.jpg 300w, https:\/\/crssag.cl\/wp-content\/uploads\/2024\/02\/DOME-EN-AUDITORIO-2_Easy-Resize.com_-150x113.jpg 150w, https:\/\/crssag.cl\/wp-content\/uploads\/2024\/02\/DOME-EN-AUDITORIO-2_Easy-Resize.com_-660x495.jpg 660w, https:\/\/crssag.cl\/wp-content\/uploads\/2024\/02\/DOME-EN-AUDITORIO-2_Easy-Resize.com_.jpg 1280w\" sizes=\"(max-width: 1024px) 100vw, 1024px\" \/><\/figure>\n<\/li>\n<\/ul>\n<\/figure>\n<p>Gran preocupaci\u00f3n en el CRS SAG, especialmente de la <strong>Comisi\u00f3n Operativa de Emergencia del Centro de Salud<\/strong>, por la seguridad y salud de las personas, especialmente de los\/las usuarios y trabajadores\/as que se ven afectados por las altas temperaturas que enfrenta el pa\u00eds, particularmente en la Regi\u00f3n Metropolitana.<\/p>\n<p>Seg\u00fan inform\u00f3 el director del CRS SAG, DR. Ernesto N\u00fa\u00f1ez, \u201c<strong>dadas estas circunstancias hemos implementado algunas medidas que puedan proteger y fortalecer a nuestros usuarios\/as y personal, para los meses de enero, febrero y marzo\u00bb.<\/strong><\/p>\n<p>Las medidas adoptadas por el CRS SAG, para los\/las pacientes por las altas y extremas temperaturas, que se han concretado son:<br \/>-Dispensadores de agua en el primer piso como puntos de hidrataci\u00f3n y se est\u00e1 evaluando la posibilidad de compra para el segundo piso.<br \/>-Reagendamiento de citas de pacientes adultos mayores y ni\u00f1os\/ni\u00f1as en horario de menores temperaturas.<br \/>-Mantenci\u00f3n de una adecuada ventilaci\u00f3n de puertas y ventanas, con el prop\u00f3sito que disminuya la sensaci\u00f3n t\u00e9rmica de calor.<\/p>\n<p>En esa misma l\u00ednea, se tomaron medidas preventivas para cuidar la salud de los funcionarios del CRS SAG, ofreciendo el director, Dr. Ernesto N\u00fa\u00f1ez, el d\u00eda 31 de enero de 2024, el traslado del personal que no contaban con las condiciones m\u00ednimas para desarrollar sus funciones, a lugares con aire acondicionado.<\/p>\n<p><img loading=\"lazy\" class=\"alignnone size-medium wp-image-3244 aligncenter\" src=\"https:\/\/crssag.cl\/wp-content\/uploads\/2024\/02\/INSTALACION-DE-AIRE-ACONDICIONADO_Easy-Resize.com_-225x300.jpg\" alt=\"\" width=\"225\" height=\"300\" srcset=\"https:\/\/crssag.cl\/wp-content\/uploads\/2024\/02\/INSTALACION-DE-AIRE-ACONDICIONADO_Easy-Resize.com_-225x300.jpg 225w, https:\/\/crssag.cl\/wp-content\/uploads\/2024\/02\/INSTALACION-DE-AIRE-ACONDICIONADO_Easy-Resize.com_-768x1024.jpg 768w, https:\/\/crssag.cl\/wp-content\/uploads\/2024\/02\/INSTALACION-DE-AIRE-ACONDICIONADO_Easy-Resize.com_-113x150.jpg 113w, https:\/\/crssag.cl\/wp-content\/uploads\/2024\/02\/INSTALACION-DE-AIRE-ACONDICIONADO_Easy-Resize.com_-660x880.jpg 660w, https:\/\/crssag.cl\/wp-content\/uploads\/2024\/02\/INSTALACION-DE-AIRE-ACONDICIONADO_Easy-Resize.com_.jpg 960w\" sizes=\"(max-width: 225px) 100vw, 225px\" \/><\/p>\n<p>La Sala de reuniones de la direcci\u00f3n del centro de salud y auditorio; en la primera se instalaron los funcionarios de Oficina de Partes y la Jefa de Esterilizaci\u00f3n, en cambio en la segunda se acomodaron el personal de SOME, que no realiza atenci\u00f3n de p\u00fablico.<\/p>\n<p>Queremos hacer menci\u00f3n, que para los funcionarios\/as que realicen labores administrativas y que no dispongan de aire acondicionado en sus lugares de trabajo, contamos con espacio suficiente en el Auditorio del CRS SAG, en la entrada costado derecho del establecimiento.<\/p>\n<p>El CRS SAG con la constante preocupaci\u00f3n de pacientes y trabajadores\/as, con especial cuidado en los que son m\u00e1s sensibles (problemas respiratorios, renales, obesos, problemas cardiovasculares y adultos mayores de 55 a\u00f1os) y, que por las temperaturas extremas pueden verse afectados a una emergencia m\u00e9dica, como un golpe de calor.<\/p>\n<p>Adem\u00e1s, de las medidas mencionadas, se est\u00e1 analizando por parte de la Subdirecci\u00f3n M\u00e9dica del Centro de Salud, destinar ventiladores para los Box de Medicina, que carecen de este aparato que transmite energ\u00eda.<\/p>\n<p>Finalmente, les recordamos que somos un establecimiento libre de humo de tabaco, esto significa, que est\u00e1 prohibido fumar en todo el espacio abierto o exterior del establecimiento de salud.<\/p>\n<p>La mayor temperatura en la Comuna de Pudahuel, alcanz\u00f3 los 37,3 grados, el d\u00eda mi\u00e9rcoles 31 de enero de 2024.<\/p>\n<p>La Comisi\u00f3n operativa de emergencia en el CRS Dr. Salvador Allende Gossens, est\u00e1 liderada por el director, Dr. Ernesto N\u00fa\u00f1ez Bornand, y la constituyen el subdirector administrativo, ingeniero comercial, Jorge Bascu\u00f1\u00e1n; el jefe de Calidad y Seguridad del paciente e IAAS, kinesi\u00f3logo Eduardo Carvajal; jefe de operaciones, ingeniero Camilo Lazo; como tambi\u00e9n la encargada en Prevenci\u00f3n de Riesgos, Gloria Valdebenitos y la jefa de Auditor\u00eda, Eva G\u00f3mez.<\/p>\n<p>\u00a0<\/p>\n<figure class=\"wp-block-gallery columns-2 is-cropped\">\n<ul class=\"blocks-gallery-grid\">\n<li class=\"blocks-gallery-item\">\n<figure><img loading=\"lazy\" width=\"1024\" height=\"768\" src=\"https:\/\/crssag.cl\/wp-content\/uploads\/2024\/02\/INGENIERO-Y-FUNCIONARIA-TECNICO-DE-SOME_Easy-Resize.com-1-1024x768.jpg\" alt=\"\" data-id=\"3241\" data-full-url=\"https:\/\/crssag.cl\/wp-content\/uploads\/2024\/02\/INGENIERO-Y-FUNCIONARIA-TECNICO-DE-SOME_Easy-Resize.com-1.jpg\" data-link=\"https:\/\/crssag.cl\/index.php\/2024\/02\/02\/director-del-crs-dr-salvador-allende-toma-medidas-para-proteger-la-salud-de-usuarios-as-y-personal-frente-a-las-olas-de-calor\/ingeniero-y-funcionaria-tecnico-de-some_easy-resize-com-1\/\" class=\"wp-image-3241\" srcset=\"https:\/\/crssag.cl\/wp-content\/uploads\/2024\/02\/INGENIERO-Y-FUNCIONARIA-TECNICO-DE-SOME_Easy-Resize.com-1-1024x768.jpg 1024w, https:\/\/crssag.cl\/wp-content\/uploads\/2024\/02\/INGENIERO-Y-FUNCIONARIA-TECNICO-DE-SOME_Easy-Resize.com-1-300x225.jpg 300w, https:\/\/crssag.cl\/wp-content\/uploads\/2024\/02\/INGENIERO-Y-FUNCIONARIA-TECNICO-DE-SOME_Easy-Resize.com-1-150x113.jpg 150w, https:\/\/crssag.cl\/wp-content\/uploads\/2024\/02\/INGENIERO-Y-FUNCIONARIA-TECNICO-DE-SOME_Easy-Resize.com-1-660x495.jpg 660w, https:\/\/crssag.cl\/wp-content\/uploads\/2024\/02\/INGENIERO-Y-FUNCIONARIA-TECNICO-DE-SOME_Easy-Resize.com-1.jpg 1280w\" sizes=\"(max-width: 1024px) 100vw, 1024px\" \/><figcaption class=\"blocks-gallery-item__caption\">Ingeniero Inform\u00e1tico habilitando puestos de trabajo para funcionarios de SOME<\/figcaption><\/figure>\n<\/li>\n<li class=\"blocks-gallery-item\">\n<figure><img loading=\"lazy\" width=\"1024\" height=\"768\" src=\"https:\/\/crssag.cl\/wp-content\/uploads\/2024\/02\/SOME-EN-AUDITORIO_Easy-Resize.com_-1-1024x768.jpg\" alt=\"\" data-id=\"3234\" data-full-url=\"https:\/\/crssag.cl\/wp-content\/uploads\/2024\/02\/SOME-EN-AUDITORIO_Easy-Resize.com_-1.jpg\" data-link=\"https:\/\/crssag.cl\/some-en-auditorio_easy-resize-com-2\/\" class=\"wp-image-3234\" srcset=\"https:\/\/crssag.cl\/wp-content\/uploads\/2024\/02\/SOME-EN-AUDITORIO_Easy-Resize.com_-1-1024x768.jpg 1024w, https:\/\/crssag.cl\/wp-content\/uploads\/2024\/02\/SOME-EN-AUDITORIO_Easy-Resize.com_-1-300x225.jpg 300w, https:\/\/crssag.cl\/wp-content\/uploads\/2024\/02\/SOME-EN-AUDITORIO_Easy-Resize.com_-1-150x113.jpg 150w, https:\/\/crssag.cl\/wp-content\/uploads\/2024\/02\/SOME-EN-AUDITORIO_Easy-Resize.com_-1-660x495.jpg 660w, https:\/\/crssag.cl\/wp-content\/uploads\/2024\/02\/SOME-EN-AUDITORIO_Easy-Resize.com_-1.jpg 1280w\" sizes=\"(max-width: 1024px) 100vw, 1024px\" \/><figcaption class=\"blocks-gallery-item__caption\">Funcionarias Administrativas SOME, en Auditorio<\/figcaption><\/figure>\n<\/li>\n<\/ul>\n<\/figure>\n<figure class=\"wp-block-gallery columns-3 is-cropped\">\n<ul class=\"blocks-gallery-grid\">\n<li class=\"blocks-gallery-item\">\n<figure><img loading=\"lazy\" width=\"1024\" height=\"768\" src=\"https:\/\/crssag.cl\/wp-content\/uploads\/2024\/02\/AGUA-3.jpg\" alt=\"\" data-id=\"3228\" data-full-url=\"https:\/\/crssag.cl\/wp-content\/uploads\/2024\/02\/AGUA-3.jpg\" data-link=\"https:\/\/crssag.cl\/?attachment_id=3228\" class=\"wp-image-3228\" srcset=\"https:\/\/crssag.cl\/wp-content\/uploads\/2024\/02\/AGUA-3.jpg 1024w, https:\/\/crssag.cl\/wp-content\/uploads\/2024\/02\/AGUA-3-300x225.jpg 300w, https:\/\/crssag.cl\/wp-content\/uploads\/2024\/02\/AGUA-3-150x113.jpg 150w, https:\/\/crssag.cl\/wp-content\/uploads\/2024\/02\/AGUA-3-660x495.jpg 660w\" sizes=\"(max-width: 1024px) 100vw, 1024px\" \/><figcaption class=\"blocks-gallery-item__caption\">Dispensadores de agua<\/figcaption><\/figure>\n<\/li>\n<li class=\"blocks-gallery-item\">\n<figure><img loading=\"lazy\" width=\"1024\" height=\"768\" src=\"https:\/\/crssag.cl\/wp-content\/uploads\/2024\/02\/ANGELICA-OFICINA-DE-PARTES_Easy-Resize.com_-1024x768.jpg\" alt=\"\" data-id=\"3231\" data-full-url=\"https:\/\/crssag.cl\/wp-content\/uploads\/2024\/02\/ANGELICA-OFICINA-DE-PARTES_Easy-Resize.com_.jpg\" data-link=\"https:\/\/crssag.cl\/angelica-oficina-de-partes_easy-resize-com\/\" class=\"wp-image-3231\" srcset=\"https:\/\/crssag.cl\/wp-content\/uploads\/2024\/02\/ANGELICA-OFICINA-DE-PARTES_Easy-Resize.com_-1024x768.jpg 1024w, https:\/\/crssag.cl\/wp-content\/uploads\/2024\/02\/ANGELICA-OFICINA-DE-PARTES_Easy-Resize.com_-300x225.jpg 300w, https:\/\/crssag.cl\/wp-content\/uploads\/2024\/02\/ANGELICA-OFICINA-DE-PARTES_Easy-Resize.com_-150x113.jpg 150w, https:\/\/crssag.cl\/wp-content\/uploads\/2024\/02\/ANGELICA-OFICINA-DE-PARTES_Easy-Resize.com_-660x495.jpg 660w, https:\/\/crssag.cl\/wp-content\/uploads\/2024\/02\/ANGELICA-OFICINA-DE-PARTES_Easy-Resize.com_.jpg 1280w\" sizes=\"(max-width: 1024px) 100vw, 1024px\" \/><figcaption class=\"blocks-gallery-item__caption\">Oficina de Partes, en sala de reuniones, Direcci\u00f3n<\/figcaption><\/figure>\n<\/li>\n<li class=\"blocks-gallery-item\">\n<figure><img loading=\"lazy\" width=\"1024\" height=\"768\" src=\"https:\/\/crssag.cl\/wp-content\/uploads\/2024\/02\/SOME-EN-AUDITORIO3_Easy-Resize.com_-1024x768.jpg\" alt=\"\" data-id=\"3235\" data-full-url=\"https:\/\/crssag.cl\/wp-content\/uploads\/2024\/02\/SOME-EN-AUDITORIO3_Easy-Resize.com_.jpg\" data-link=\"https:\/\/crssag.cl\/some-en-auditorio3_easy-resize-com\/\" class=\"wp-image-3235\" srcset=\"https:\/\/crssag.cl\/wp-content\/uploads\/2024\/02\/SOME-EN-AUDITORIO3_Easy-Resize.com_-1024x768.jpg 1024w, https:\/\/crssag.cl\/wp-content\/uploads\/2024\/02\/SOME-EN-AUDITORIO3_Easy-Resize.com_-300x225.jpg 300w, https:\/\/crssag.cl\/wp-content\/uploads\/2024\/02\/SOME-EN-AUDITORIO3_Easy-Resize.com_-150x113.jpg 150w, https:\/\/crssag.cl\/wp-content\/uploads\/2024\/02\/SOME-EN-AUDITORIO3_Easy-Resize.com_-660x495.jpg 660w, https:\/\/crssag.cl\/wp-content\/uploads\/2024\/02\/SOME-EN-AUDITORIO3_Easy-Resize.com_.jpg 1280w\" sizes=\"(max-width: 1024px) 100vw, 1024px\" \/><figcaption class=\"blocks-gallery-item__caption\">Ingeniero instalando a funcionarios en Auditorio del CRS SAG<\/figcaption><\/figure>\n<\/li>\n<\/ul>\n<\/figure>\n","protected":false},"author":1,"featured_media":0,"comment_status":"closed","ping_status":"open","sticky":false,"template":"","format":"standard","meta":[],"categories":[4],"tags":[],"_links":{"self":[{"href":"https:\/\/crssag.cl\/index.php\/wp-json\/wp\/v2\/posts\/3223"}],"collection":[{"href":"https:\/\/crssag.cl\/index.php\/wp-json\/wp\/v2\/posts"}],"about":[{"href":"https:\/\/crssag.cl\/index.php\/wp-json\/wp\/v2\/types\/post"}],"author":[{"embeddable":true,"href":"https:\/\/crssag.cl\/index.php\/wp-json\/wp\/v2\/users\/1"}],"replies":[{"embeddable":true,"href":"https:\/\/crssag.cl\/index.php\/wp-json\/wp\/v2\/comments?post=3223"}],"version-history":[{"count":10,"href":"https:\/\/crssag.cl\/index.php\/wp-json\/wp\/v2\/posts\/3223\/revisions"}],"predecessor-version":[{"id":3245,"href":"https:\/\/crssag.cl\/index.php\/wp-json\/wp\/v2\/posts\/3223\/revisions\/3245"}],"wp:attachment":[{"href":"https:\/\/crssag.cl\/index.php\/wp-json\/wp\/v2\/media?parent=3223"}],"wp:term":[{"taxonomy":"category","embeddable":true,"href":"https:\/\/crssag.cl\/index.php\/wp-json\/wp\/v2\/categories?post=3223"},{"taxonomy":"post_tag","embeddable":true,"href":"https:\/\/crssag.cl\/index.php\/wp-json\/wp\/v2\/tags?post=3223"}],"curies":[{"name":"wp","href":"https:\/\/api.w.org\/{rel}","templated":true}]}}