{"id":320,"date":"2015-12-28T14:48:24","date_gmt":"2015-12-28T17:48:24","guid":{"rendered":"http:\/\/crssag.cl\/?p=320"},"modified":"2016-04-01T13:35:14","modified_gmt":"2016-04-01T16:35:14","slug":"equipo-prais-del-c-r-s-conmemoro-el-dia-de-los-derechos-humanos","status":"publish","type":"post","link":"https:\/\/crssag.cl\/index.php\/2015\/12\/28\/equipo-prais-del-c-r-s-conmemoro-el-dia-de-los-derechos-humanos\/","title":{"rendered":"EQUIPO PRAIS DEL C.R.S. CONMEMOR\u00d3 EL D\u00cdA DE LOS DERECHOS HUMANOS"},"content":{"rendered":"<p><img loading=\"lazy\" class=\"alignnone size-medium wp-image-321\" src=\"\/wp-content\/uploads\/2015\/12\/IMG_5568-300x225.jpg\" alt=\"IMG_5568\" width=\"300\" height=\"225\" \/>\u00a0 \u00a0 \u00a0 \u00a0 \u00a0 \u00a0 \u00a0 \u00a0<img loading=\"lazy\" class=\"alignnone size-medium wp-image-322\" src=\"\/wp-content\/uploads\/2015\/12\/IMG_5573-300x225.jpg\" alt=\"IMG_5573\" width=\"300\" height=\"225\" srcset=\"https:\/\/crssag.cl\/wp-content\/uploads\/2015\/12\/IMG_5573-300x225.jpg 300w, https:\/\/crssag.cl\/wp-content\/uploads\/2015\/12\/IMG_5573-1024x768.jpg 1024w\" sizes=\"(max-width: 300px) 100vw, 300px\" \/><\/p>\n<p>El 10 de diciembre fue el D\u00eda Internacional de los Derechos Humanos, por lo que el Programa de Reparaci\u00f3n Integral en Salud (Prais occidente) del Centro de Referencia de Salud \u201c<em>Dr. Salvador Allende Gossens<\/em>\u201d, conjuntamente con la Asociaci\u00f3n por la Memoria y los Derechos Humanos, durante los d\u00edas 15, 17 y 18 de diciembre, realizaron una serie de actividades que permitieron conmemorar la traum\u00e1tica experiencia que signific\u00f3 vivir la dictadura militar en Chile y el consiguiente da\u00f1o psicosocial por los sistem\u00e1ticos ataques a la vida de las personas.<\/p>\n<p>Es as\u00ed que con el objetivo de visibilizar la historia represiva vivida en Colonia Dignidad y su participaci\u00f3n en los cr\u00edmenes durante la dictadura como centro de secuestro, torturas, desaparici\u00f3n y exterminio de prisioneros pol\u00edticos, el martes 15 de diciembre la Asociaci\u00f3n por la Memoria y los Derechos Humanos exhibi\u00f3 una exposici\u00f3n de Colonia Dignidad y, posteriormente, se hizo un conversatorio en torno a dicha muestra.<\/p>\n<p>En esta actividad participaron usuarios del programa, la subdirectora m\u00e9dica, Dra. Alicia Canales y el director del C.R.S., Dr. Ernesto N\u00fa\u00f1ez, gener\u00e1ndose un enriquecedor y fecundo di\u00e1logo en temas de derechos humanos. El acto central se llev\u00f3 a cabo el jueves 17, al medio d\u00eda, en el frontis del establecimiento donde se instal\u00f3 la Feria Artesanal de Usuarios Prais, la que se mantuvo hasta el viernes 18, de 09:00 a 16:00 horas.<\/p>\n<p>En su discurso conmemorativo, el director del establecimiento de salud, Dr. Ernesto N\u00fa\u00f1ez, hizo un repaso por la historia nacional e internacional, homologando <strong>ciertos momentos de ese pasado totalitario con el atentado perpetrado, por ejemplo, en Francia. Asimismo, el facultativo reflexion\u00f3 <\/strong>sobre el tema como algo que a cada uno ata\u00f1e directa y constantemente en la pr\u00e1ctica cotidiana, por lo que dijo \u201csi no tenemos memoria, se cierne en los pueblos una inquietante preocupaci\u00f3n por el valor de los derechos humanos\u201d. Por esto precis\u00f3, \u201ctenemos la obligaci\u00f3n de reconstruir la historia y que tales recuerdos cobren vida en el sentido de volver a representar lo sucedido, aunque mediante ese relato podemos experimentar diversos sentimientos de dolor, pero que -sin duda- son aleccionadores, para que no se repita la historia. Eso, ayuda a tener menos riesgos de caer en los horrores y, de esta forma, seguir preparando el camino, cuyos frutos sean la prosperidad, el fortalecimiento, el apego y el respeto irrestricto a los derechos humanos de cada chileno\u201d, culmin\u00f3.<\/p>\n<p>La necesidad de conmemorar no puede pasar por alto, puesto la memoria hace reflexionar y concluir categ\u00f3ricamente que no puede ser tan f\u00e1cil transgredir derechos inalienables, que vulneran la dignidad humana. Raz\u00f3n por la que la indiferencia no contribuye a la transformaci\u00f3n en las relaciones humanas, materia en la que est\u00e1 comprometido el Estado y debe estarlo toda la sociedad para seguir\u00a0 sanando\u00a0\u00a0 las\u00a0\u00a0 heridas\u00a0 del alma nacional,\u00a0 que de alguna manera est\u00e1n presentes y son parte de todos los chilenos.<\/p>\n","protected":false},"excerpt":{"rendered":"<p><img loading=\"lazy\" class=\"alignnone size-medium wp-image-321\" src=\"\/wp-content\/uploads\/2015\/12\/IMG_5568-300x225.jpg\" alt=\"IMG_5568\" width=\"300\" height=\"225\" \/>\u00a0 \u00a0 \u00a0 \u00a0 \u00a0 \u00a0 \u00a0 \u00a0<img loading=\"lazy\" class=\"alignnone size-medium wp-image-322\" src=\"\/wp-content\/uploads\/2015\/12\/IMG_5573-300x225.jpg\" alt=\"IMG_5573\" width=\"300\" height=\"225\" srcset=\"https:\/\/crssag.cl\/wp-content\/uploads\/2015\/12\/IMG_5573-300x225.jpg 300w, https:\/\/crssag.cl\/wp-content\/uploads\/2015\/12\/IMG_5573-1024x768.jpg 1024w\" sizes=\"(max-width: 300px) 100vw, 300px\" \/><\/p>\n<p>El 10 de diciembre fue el D\u00eda Internacional de los Derechos Humanos, por lo que el Programa de Reparaci\u00f3n Integral en Salud (Prais occidente) del Centro de Referencia de Salud \u201c<em>Dr. Salvador Allende Gossens<\/em>\u201d, conjuntamente con la Asociaci\u00f3n por la Memoria y los Derechos Humanos, durante los d\u00edas 15, 17 y 18 de diciembre, realizaron una serie de actividades que permitieron conmemorar la traum\u00e1tica experiencia que signific\u00f3 vivir la dictadura militar en Chile y el consiguiente da\u00f1o psicosocial por los sistem\u00e1ticos ataques a la vida de las personas.<\/p>\n<p>Es as\u00ed que con el objetivo de visibilizar la historia represiva vivida en Colonia Dignidad y su participaci\u00f3n en los cr\u00edmenes durante la dictadura como centro de secuestro, torturas, desaparici\u00f3n y exterminio de prisioneros pol\u00edticos, el martes 15 de diciembre la Asociaci\u00f3n por la Memoria y los Derechos Humanos exhibi\u00f3 una exposici\u00f3n de Colonia Dignidad y, posteriormente, se hizo un conversatorio en torno a dicha muestra.<\/p>\n<p>En esta actividad participaron usuarios del programa, la subdirectora m\u00e9dica, Dra. Alicia Canales y el director del C.R.S., Dr. Ernesto N\u00fa\u00f1ez, gener\u00e1ndose un enriquecedor y fecundo di\u00e1logo en temas de derechos humanos. El acto central se llev\u00f3 a cabo el jueves 17, al medio d\u00eda, en el frontis del establecimiento donde se instal\u00f3 la Feria Artesanal de Usuarios Prais, la que se mantuvo hasta el viernes 18, de 09:00 a 16:00 horas.<\/p>\n<p>En su discurso conmemorativo, el director del establecimiento de salud, Dr. Ernesto N\u00fa\u00f1ez, hizo un repaso por la historia nacional e internacional, homologando <strong>ciertos momentos de ese pasado totalitario con el atentado perpetrado, por ejemplo, en Francia. Asimismo, el facultativo reflexion\u00f3 <\/strong>sobre el tema como algo que a cada uno ata\u00f1e directa y constantemente en la pr\u00e1ctica cotidiana, por lo que dijo \u201csi no tenemos memoria, se cierne en los pueblos una inquietante preocupaci\u00f3n por el valor de los derechos humanos\u201d. Por esto precis\u00f3, \u201ctenemos la obligaci\u00f3n de reconstruir la historia y que tales recuerdos cobren vida en el sentido de volver a representar lo sucedido, aunque mediante ese relato podemos experimentar diversos sentimientos de dolor, pero que -sin duda- son aleccionadores, para que no se repita la historia. Eso, ayuda a tener menos riesgos de caer en los horrores y, de esta forma, seguir preparando el camino, cuyos frutos sean la prosperidad, el fortalecimiento, el apego y el respeto irrestricto a los derechos humanos de cada chileno\u201d, culmin\u00f3.<\/p>\n<p>La necesidad de conmemorar no puede pasar por alto, puesto la memoria hace reflexionar y concluir categ\u00f3ricamente que no puede ser tan f\u00e1cil transgredir derechos inalienables, que vulneran la dignidad humana. Raz\u00f3n por la que la indiferencia no contribuye a la transformaci\u00f3n en las relaciones humanas, materia en la que est\u00e1 comprometido el Estado y debe estarlo toda la sociedad para seguir\u00a0 sanando\u00a0\u00a0 las\u00a0\u00a0 heridas\u00a0 del alma nacional,\u00a0 que de alguna manera est\u00e1n presentes y son parte de todos los chilenos.<\/p>\n","protected":false},"author":1,"featured_media":0,"comment_status":"open","ping_status":"open","sticky":false,"template":"","format":"standard","meta":[],"categories":[10],"tags":[],"_links":{"self":[{"href":"https:\/\/crssag.cl\/index.php\/wp-json\/wp\/v2\/posts\/320"}],"collection":[{"href":"https:\/\/crssag.cl\/index.php\/wp-json\/wp\/v2\/posts"}],"about":[{"href":"https:\/\/crssag.cl\/index.php\/wp-json\/wp\/v2\/types\/post"}],"author":[{"embeddable":true,"href":"https:\/\/crssag.cl\/index.php\/wp-json\/wp\/v2\/users\/1"}],"replies":[{"embeddable":true,"href":"https:\/\/crssag.cl\/index.php\/wp-json\/wp\/v2\/comments?post=320"}],"version-history":[{"count":3,"href":"https:\/\/crssag.cl\/index.php\/wp-json\/wp\/v2\/posts\/320\/revisions"}],"predecessor-version":[{"id":325,"href":"https:\/\/crssag.cl\/index.php\/wp-json\/wp\/v2\/posts\/320\/revisions\/325"}],"wp:attachment":[{"href":"https:\/\/crssag.cl\/index.php\/wp-json\/wp\/v2\/media?parent=320"}],"wp:term":[{"taxonomy":"category","embeddable":true,"href":"https:\/\/crssag.cl\/index.php\/wp-json\/wp\/v2\/categories?post=320"},{"taxonomy":"post_tag","embeddable":true,"href":"https:\/\/crssag.cl\/index.php\/wp-json\/wp\/v2\/tags?post=320"}],"curies":[{"name":"wp","href":"https:\/\/api.w.org\/{rel}","templated":true}]}}