{"id":289,"date":"2015-10-09T14:31:28","date_gmt":"2015-10-09T17:31:28","guid":{"rendered":"http:\/\/crssag.cl\/?p=289"},"modified":"2015-12-29T13:13:24","modified_gmt":"2015-12-29T16:13:24","slug":"unidad-de-rehabilitacion-del-c-r-s-cuenta-con-nuevo-equipamiento","status":"publish","type":"post","link":"https:\/\/crssag.cl\/index.php\/2015\/10\/09\/unidad-de-rehabilitacion-del-c-r-s-cuenta-con-nuevo-equipamiento\/","title":{"rendered":"UNIDAD DE REHABILITACI\u00d3N DEL C.R.S. CUENTA CON NUEVO EQUIPAMIENTO"},"content":{"rendered":"<p>Desde el primer semestre de este a\u00f1o, el Centro de Referencia de Salud \u201c<em>Dr. Salvador Allende Gossens<\/em>\u201d, cuenta con equipamiento de punta que reemplaz\u00f3 el antiguo, el que si bien desde el punto de vista pr\u00e1ctico a\u00fan estaba en uso, desde el punto de vista t\u00e9cnico se encontraba obsoleto, dado que cumpli\u00f3 su tiempo de vida \u00fatil (19 a\u00f1os). As\u00ed lo dio a conocer el Jefe de la Unidad de Rehabilitaci\u00f3n, Guillermo Bravo, quien afirm\u00f3 que esta es una gran noticia para los pacientes que se atienden en los servicios de traumatolog\u00eda, kinesiolog\u00eda, terapia ocupacional, fonoadiolog\u00eda y tecnolog\u00eda m\u00e9dica.<\/p>\n<p><img loading=\"lazy\" class=\"alignnone size-large wp-image-290\" src=\"\/wp-content\/uploads\/2015\/10\/2015-10-1-taller-de-capacitacio-sala-borgo\u00f1o-051-1024x683.jpg\" alt=\"2015-10-1-taller de capacitacio sala borgo\u00f1o 051\" width=\"1024\" height=\"683\" \/><\/p>\n<p>Es as\u00ed como este logro permite entregar una atenci\u00f3n que potencia la seguridad en la atenci\u00f3n de los pacientes, puesto que la alta demanda ser\u00e1 enfrentada con equipamiento totalmente moderno, cuyo costo aproximado de la inversi\u00f3n ascendi\u00f3 a m\u00e1s de 45 millones de pesos, para la adquisici\u00f3n de: cuatro ultrasonidos, tres ultratermias, tres electroestimuladores, dos turbiones, un compresero fr\u00edo con almohadillas correspondientes y un ba\u00f1o de parafina.<\/p>\n<p>Asimismo, Bravo inform\u00f3 que esta iniciativa del Ministerio de Salud, surge a mediados del segundo semestre del a\u00f1o 2014, oportunidad en la que el Minsal solicita determinar y cuantificar las necesidades en cuanto a equipamiento de fisioterapia de las distintas dependencias de Rehabilitaci\u00f3n del Servicio de Salud Metropolitano Occidente, justamente para reponer dicho equipamiento.<\/p>\n<p><img loading=\"lazy\" class=\"alignnone size-large wp-image-291\" src=\"\/wp-content\/uploads\/2015\/10\/2015-10-1-taller-de-capacitacio-sala-borgo\u00f1o-030-1024x683.jpg\" alt=\"2015-10-1-taller de capacitacio sala borgo\u00f1o 030\" width=\"1024\" height=\"683\" \/><\/p>\n<p>Finalmente, subray\u00f3 que este recambio de tecnolog\u00eda en el C.R.S. permite avanzar en la calidad de la atenci\u00f3n de los pacientes, optimizando las intervenciones de fisioterapia con herramientas de \u00faltima generaci\u00f3n que favorecen el restablecimiento de la funcionalidad de quienes consultan por estas afecciones, mejorando sus condiciones de vida, toda vez que sus actividades cotidianas se ven renovadas, as\u00ed como tambi\u00e9n su participaci\u00f3n laboral y social, concluy\u00f3 el directivo.<\/p>\n<p><strong>\u00a0<\/strong><\/p>\n<p><strong>SANTIAGO (Pudahuel)<\/strong>, octubre 05 en 2015.<\/p>\n","protected":false},"excerpt":{"rendered":"<p>Desde el primer semestre de este a\u00f1o, el Centro de Referencia de Salud \u201c<em>Dr. Salvador Allende Gossens<\/em>\u201d, cuenta con equipamiento de punta que reemplaz\u00f3 el antiguo, el que si bien desde el punto de vista pr\u00e1ctico a\u00fan estaba en uso, desde el punto de vista t\u00e9cnico se encontraba obsoleto, dado que cumpli\u00f3 su tiempo de vida \u00fatil (19 a\u00f1os). As\u00ed lo dio a conocer el Jefe de la Unidad de Rehabilitaci\u00f3n, Guillermo Bravo, quien afirm\u00f3 que esta es una gran noticia para los pacientes que se atienden en los servicios de traumatolog\u00eda, kinesiolog\u00eda, terapia ocupacional, fonoadiolog\u00eda y tecnolog\u00eda m\u00e9dica.<\/p>\n<p><img loading=\"lazy\" class=\"alignnone size-large wp-image-290\" src=\"\/wp-content\/uploads\/2015\/10\/2015-10-1-taller-de-capacitacio-sala-borgo\u00f1o-051-1024x683.jpg\" alt=\"2015-10-1-taller de capacitacio sala borgo\u00f1o 051\" width=\"1024\" height=\"683\" \/><\/p>\n<p>Es as\u00ed como este logro permite entregar una atenci\u00f3n que potencia la seguridad en la atenci\u00f3n de los pacientes, puesto que la alta demanda ser\u00e1 enfrentada con equipamiento totalmente moderno, cuyo costo aproximado de la inversi\u00f3n ascendi\u00f3 a m\u00e1s de 45 millones de pesos, para la adquisici\u00f3n de: cuatro ultrasonidos, tres ultratermias, tres electroestimuladores, dos turbiones, un compresero fr\u00edo con almohadillas correspondientes y un ba\u00f1o de parafina.<\/p>\n<p>Asimismo, Bravo inform\u00f3 que esta iniciativa del Ministerio de Salud, surge a mediados del segundo semestre del a\u00f1o 2014, oportunidad en la que el Minsal solicita determinar y cuantificar las necesidades en cuanto a equipamiento de fisioterapia de las distintas dependencias de Rehabilitaci\u00f3n del Servicio de Salud Metropolitano Occidente, justamente para reponer dicho equipamiento.<\/p>\n<p><img loading=\"lazy\" class=\"alignnone size-large wp-image-291\" src=\"\/wp-content\/uploads\/2015\/10\/2015-10-1-taller-de-capacitacio-sala-borgo\u00f1o-030-1024x683.jpg\" alt=\"2015-10-1-taller de capacitacio sala borgo\u00f1o 030\" width=\"1024\" height=\"683\" \/><\/p>\n<p>Finalmente, subray\u00f3 que este recambio de tecnolog\u00eda en el C.R.S. permite avanzar en la calidad de la atenci\u00f3n de los pacientes, optimizando las intervenciones de fisioterapia con herramientas de \u00faltima generaci\u00f3n que favorecen el restablecimiento de la funcionalidad de quienes consultan por estas afecciones, mejorando sus condiciones de vida, toda vez que sus actividades cotidianas se ven renovadas, as\u00ed como tambi\u00e9n su participaci\u00f3n laboral y social, concluy\u00f3 el directivo.<\/p>\n<p><strong>\u00a0<\/strong><\/p>\n<p><strong>SANTIAGO (Pudahuel)<\/strong>, octubre 05 en 2015.<\/p>\n","protected":false},"author":1,"featured_media":0,"comment_status":"open","ping_status":"open","sticky":false,"template":"","format":"standard","meta":[],"categories":[10],"tags":[],"_links":{"self":[{"href":"https:\/\/crssag.cl\/index.php\/wp-json\/wp\/v2\/posts\/289"}],"collection":[{"href":"https:\/\/crssag.cl\/index.php\/wp-json\/wp\/v2\/posts"}],"about":[{"href":"https:\/\/crssag.cl\/index.php\/wp-json\/wp\/v2\/types\/post"}],"author":[{"embeddable":true,"href":"https:\/\/crssag.cl\/index.php\/wp-json\/wp\/v2\/users\/1"}],"replies":[{"embeddable":true,"href":"https:\/\/crssag.cl\/index.php\/wp-json\/wp\/v2\/comments?post=289"}],"version-history":[{"count":1,"href":"https:\/\/crssag.cl\/index.php\/wp-json\/wp\/v2\/posts\/289\/revisions"}],"predecessor-version":[{"id":292,"href":"https:\/\/crssag.cl\/index.php\/wp-json\/wp\/v2\/posts\/289\/revisions\/292"}],"wp:attachment":[{"href":"https:\/\/crssag.cl\/index.php\/wp-json\/wp\/v2\/media?parent=289"}],"wp:term":[{"taxonomy":"category","embeddable":true,"href":"https:\/\/crssag.cl\/index.php\/wp-json\/wp\/v2\/categories?post=289"},{"taxonomy":"post_tag","embeddable":true,"href":"https:\/\/crssag.cl\/index.php\/wp-json\/wp\/v2\/tags?post=289"}],"curies":[{"name":"wp","href":"https:\/\/api.w.org\/{rel}","templated":true}]}}