{"id":2014,"date":"2019-06-25T10:32:58","date_gmt":"2019-06-25T13:32:58","guid":{"rendered":"http:\/\/crssag.cl\/?p=2014"},"modified":"2019-06-25T10:37:18","modified_gmt":"2019-06-25T13:37:18","slug":"en-el-crs-sag-se-realizo-cotesa-de-la-red-occidente-2","status":"publish","type":"post","link":"https:\/\/crssag.cl\/index.php\/2019\/06\/25\/en-el-crs-sag-se-realizo-cotesa-de-la-red-occidente-2\/","title":{"rendered":"En el CRS-SAG se realiz\u00f3 COTESA de la Red Occidente"},"content":{"rendered":"\n<ul><li><\/li><\/ul>\n\n\n\n<figure class=\"wp-block-image\"><img loading=\"lazy\" width=\"600\" height=\"345\" src=\"\/wp-content\/uploads\/2019\/06\/cotesa1_opt-1.jpg\" alt=\"\" class=\"wp-image-2010\" srcset=\"https:\/\/crssag.cl\/wp-content\/uploads\/2019\/06\/cotesa1_opt-1.jpg 600w, https:\/\/crssag.cl\/wp-content\/uploads\/2019\/06\/cotesa1_opt-1-150x86.jpg 150w, https:\/\/crssag.cl\/wp-content\/uploads\/2019\/06\/cotesa1_opt-1-300x173.jpg 300w\" sizes=\"(max-width: 600px) 100vw, 600px\" \/><\/figure>\n\n\n\n<p>Con el prop\u00f3sito de consolidar una red de trabajo\ncolaborativo con los usuarios y comunidades, que permita implementar\niniciativas innovadoras, con foco en el trabajo intersectorial y una marcada\nparticipaci\u00f3n social, se realiz\u00f3 el pasado viernes 14 de junio en nuestro\nestablecimiento, el primer Consejo T\u00e9cnico en Salud (COTESA) de la Red de Salud\nOccidente. <\/p>\n\n\n\n<p>A la actividad asisti\u00f3 la Directora de Atenci\u00f3n\nPrimaria del Servicio de Salud Metropolitano Occidente, Mar\u00eda Paz Iturriaga, el\ndirector de nuestro establecimiento, Dr. Ernesto N\u00fa\u00f1ez, el director de la\nCorporaci\u00f3n de Salud Municipal de Pudahuel, Patricio Troncoso, directores de\nestablecimientos de atenci\u00f3n primaria y representantes de la comunidad\norganizada. <\/p>\n\n\n\n<div class=\"wp-block-image\"><figure class=\"alignright is-resized\"><img loading=\"lazy\" src=\"\/wp-content\/uploads\/2019\/06\/cotesa_opt-1.jpg\" alt=\"\" class=\"wp-image-2005\" width=\"200\" height=\"150\" srcset=\"https:\/\/crssag.cl\/wp-content\/uploads\/2019\/06\/cotesa_opt-1.jpg 400w, https:\/\/crssag.cl\/wp-content\/uploads\/2019\/06\/cotesa_opt-1-150x113.jpg 150w, https:\/\/crssag.cl\/wp-content\/uploads\/2019\/06\/cotesa_opt-1-300x225.jpg 300w\" sizes=\"(max-width: 200px) 100vw, 200px\" \/><figcaption>Autoridades <\/figcaption><\/figure><\/div>\n\n\n\n<div class=\"wp-block-image\"><figure class=\"alignright is-resized\"><img loading=\"lazy\" src=\"\/wp-content\/uploads\/2019\/06\/cotesa3_opt.jpg\" alt=\"\" class=\"wp-image-2003\" width=\"198\" height=\"149\" srcset=\"https:\/\/crssag.cl\/wp-content\/uploads\/2019\/06\/cotesa3_opt.jpg 400w, https:\/\/crssag.cl\/wp-content\/uploads\/2019\/06\/cotesa3_opt-150x113.jpg 150w, https:\/\/crssag.cl\/wp-content\/uploads\/2019\/06\/cotesa3_opt-300x225.jpg 300w\" sizes=\"(max-width: 198px) 100vw, 198px\" \/><figcaption>Comunidad <\/figcaption><\/figure><\/div>\n\n\n\n<p>En la oportunidad, la directora de atenci\u00f3n\nprimaria, destac\u00f3 la instancia como una oportunidad de trabajo resolutivo y con\nrepresentantes de todos quienes participan en los procesos sanitarios, es\ndecir, usuarios, funcionarios y directivos de la atenci\u00f3n primaria y\nsecundaria. <\/p>\n\n\n\n<p>El Dr. Ernesto N\u00fa\u00f1ez, director del CRS-SAG, indic\u00f3\nque la actividad es&nbsp; el comienzo de un\ntrabajo constante que comienza el establecimiento, con la Red Occidente de Salud\ny que espera sea muy provechoso en beneficio de los miles de usuarios de las\ncomunas de Lo Prado, Pudahuel y Cerro Navia.<\/p>\n\n\n\n<p>El COTESA es un espacio que busca convertirse en un&nbsp; lugar de encuentro para el trabajo conjunto en beneficio de la comunidad, creando proyectos innovadores &nbsp;desde una mirada participativa e\nintersectorial. <\/p>\n","protected":false},"excerpt":{"rendered":"<ul>\n<li><\/li>\n<\/ul>\n<figure class=\"wp-block-image\"><img loading=\"lazy\" width=\"600\" height=\"345\" src=\"\/wp-content\/uploads\/2019\/06\/cotesa1_opt-1.jpg\" alt=\"\" class=\"wp-image-2010\" srcset=\"https:\/\/crssag.cl\/wp-content\/uploads\/2019\/06\/cotesa1_opt-1.jpg 600w, https:\/\/crssag.cl\/wp-content\/uploads\/2019\/06\/cotesa1_opt-1-150x86.jpg 150w, https:\/\/crssag.cl\/wp-content\/uploads\/2019\/06\/cotesa1_opt-1-300x173.jpg 300w\" sizes=\"(max-width: 600px) 100vw, 600px\" \/><\/figure>\n<p>Con el prop\u00f3sito de consolidar una red de trabajo colaborativo con los usuarios y comunidades, que permita implementar iniciativas innovadoras, con foco en el trabajo intersectorial y una marcada participaci\u00f3n social, se realiz\u00f3 el pasado viernes 14 de junio en nuestro establecimiento, el primer Consejo T\u00e9cnico en Salud (COTESA) de la Red de Salud Occidente. <\/p>\n<p>A la actividad asisti\u00f3 la Directora de Atenci\u00f3n Primaria del Servicio de Salud Metropolitano Occidente, Mar\u00eda Paz Iturriaga, el director de nuestro establecimiento, Dr. Ernesto N\u00fa\u00f1ez, el director de la Corporaci\u00f3n de Salud Municipal de Pudahuel, Patricio Troncoso, directores de establecimientos de atenci\u00f3n primaria y representantes de la comunidad organizada. <\/p>\n<div class=\"wp-block-image\">\n<figure class=\"alignright is-resized\"><img loading=\"lazy\" src=\"\/wp-content\/uploads\/2019\/06\/cotesa_opt-1.jpg\" alt=\"\" class=\"wp-image-2005\" width=\"200\" height=\"150\" srcset=\"https:\/\/crssag.cl\/wp-content\/uploads\/2019\/06\/cotesa_opt-1.jpg 400w, https:\/\/crssag.cl\/wp-content\/uploads\/2019\/06\/cotesa_opt-1-150x113.jpg 150w, https:\/\/crssag.cl\/wp-content\/uploads\/2019\/06\/cotesa_opt-1-300x225.jpg 300w\" sizes=\"(max-width: 200px) 100vw, 200px\" \/><figcaption>Autoridades <\/figcaption><\/figure>\n<\/div>\n<div class=\"wp-block-image\">\n<figure class=\"alignright is-resized\"><img loading=\"lazy\" src=\"\/wp-content\/uploads\/2019\/06\/cotesa3_opt.jpg\" alt=\"\" class=\"wp-image-2003\" width=\"198\" height=\"149\" srcset=\"https:\/\/crssag.cl\/wp-content\/uploads\/2019\/06\/cotesa3_opt.jpg 400w, https:\/\/crssag.cl\/wp-content\/uploads\/2019\/06\/cotesa3_opt-150x113.jpg 150w, https:\/\/crssag.cl\/wp-content\/uploads\/2019\/06\/cotesa3_opt-300x225.jpg 300w\" sizes=\"(max-width: 198px) 100vw, 198px\" \/><figcaption>Comunidad <\/figcaption><\/figure>\n<\/div>\n<p>En la oportunidad, la directora de atenci\u00f3n primaria, destac\u00f3 la instancia como una oportunidad de trabajo resolutivo y con representantes de todos quienes participan en los procesos sanitarios, es decir, usuarios, funcionarios y directivos de la atenci\u00f3n primaria y secundaria. <\/p>\n<p>El Dr. Ernesto N\u00fa\u00f1ez, director del CRS-SAG, indic\u00f3 que la actividad es&nbsp; el comienzo de un trabajo constante que comienza el establecimiento, con la Red Occidente de Salud y que espera sea muy provechoso en beneficio de los miles de usuarios de las comunas de Lo Prado, Pudahuel y Cerro Navia.<\/p>\n<p>El COTESA es un espacio que busca convertirse en un&nbsp; lugar de encuentro para el trabajo conjunto en beneficio de la comunidad, creando proyectos innovadores &nbsp;desde una mirada participativa e intersectorial. <\/p>\n","protected":false},"author":1,"featured_media":2010,"comment_status":"open","ping_status":"open","sticky":false,"template":"","format":"standard","meta":[],"categories":[],"tags":[],"_links":{"self":[{"href":"https:\/\/crssag.cl\/index.php\/wp-json\/wp\/v2\/posts\/2014"}],"collection":[{"href":"https:\/\/crssag.cl\/index.php\/wp-json\/wp\/v2\/posts"}],"about":[{"href":"https:\/\/crssag.cl\/index.php\/wp-json\/wp\/v2\/types\/post"}],"author":[{"embeddable":true,"href":"https:\/\/crssag.cl\/index.php\/wp-json\/wp\/v2\/users\/1"}],"replies":[{"embeddable":true,"href":"https:\/\/crssag.cl\/index.php\/wp-json\/wp\/v2\/comments?post=2014"}],"version-history":[{"count":17,"href":"https:\/\/crssag.cl\/index.php\/wp-json\/wp\/v2\/posts\/2014\/revisions"}],"predecessor-version":[{"id":2032,"href":"https:\/\/crssag.cl\/index.php\/wp-json\/wp\/v2\/posts\/2014\/revisions\/2032"}],"wp:featuredmedia":[{"embeddable":true,"href":"https:\/\/crssag.cl\/index.php\/wp-json\/wp\/v2\/media\/2010"}],"wp:attachment":[{"href":"https:\/\/crssag.cl\/index.php\/wp-json\/wp\/v2\/media?parent=2014"}],"wp:term":[{"taxonomy":"category","embeddable":true,"href":"https:\/\/crssag.cl\/index.php\/wp-json\/wp\/v2\/categories?post=2014"},{"taxonomy":"post_tag","embeddable":true,"href":"https:\/\/crssag.cl\/index.php\/wp-json\/wp\/v2\/tags?post=2014"}],"curies":[{"name":"wp","href":"https:\/\/api.w.org\/{rel}","templated":true}]}}