{"id":196,"date":"2014-09-01T13:53:34","date_gmt":"2014-09-01T16:53:34","guid":{"rendered":"http:\/\/crssag.cl\/?p=196"},"modified":"2015-08-28T13:57:07","modified_gmt":"2015-08-28T16:57:07","slug":"c-r-s-exhibe-coloridos-murales-en-salas-de-espera","status":"publish","type":"post","link":"https:\/\/crssag.cl\/index.php\/2014\/09\/01\/c-r-s-exhibe-coloridos-murales-en-salas-de-espera\/","title":{"rendered":"C.R.S. EXHIBE COLORIDOS MURALES EN SALAS DE ESPERA"},"content":{"rendered":"<p><img loading=\"lazy\" class=\"aligncenter size-large wp-image-197\" src=\"\/wp-content\/uploads\/2015\/08\/IMG_2902-1024x768.jpg\" alt=\"IMG_2902\" width=\"1024\" height=\"768\" \/><\/p>\n<p>Un d\u00eda reluciente acompa\u00f1\u00f3 a los muralistas de las brigadas <em>Chac\u00f3n<\/em> y<em> Ramona Parra<\/em>, j\u00f3venes que junto a sus l\u00edderes \u201c<em>Chac\u00f3n<\/em>\u201d y el \u201c<em>Mono Gonz\u00e1lez<\/em>\u201d,\u00a0 llegaron el 30 de agosto al edificio del Centro de Referencia de Salud \u201c<em>Dr. Salvador Allende Gonssens<\/em>\u201d, invitados por el Programa de Reparaci\u00f3n Integral en Salud (Prais), para restaurar el mural del frontis del edificio y trazar las l\u00edneas y organizar, seg\u00fan su creatividad pl\u00e1tica, otros dos dise\u00f1os, llenos de c\u00f3digos que articulados entre s\u00ed, dan cuenta de parte de la realidad social y cultural de este pa\u00eds.<\/p>\n<p>El entusiasmo y el ritmo juvenil impregnan el ambiente en el C.R.S. y comienzan a aparecer las primeras l\u00edneas que registran contornos visibles que imitan lo real, expresan oposiciones de curvas y rectas, una serie de signos llenos de significados que, en Chile forman parte de la tradici\u00f3n cultural de la expresi\u00f3n popular. Es as\u00ed que desde el 1\u00ba de septiembre, las esperas de los usuarios para ser atendidos en Salud Mental, Odontolog\u00eda y otras Unidades del segundo piso, ser\u00e1 m\u00e1s agradable y arm\u00f3nica.<\/p>\n<p>La armon\u00eda de las personas con su entorno, es una contribuci\u00f3n a la salud en su aspecto m\u00e1s integral. Por ello, la direcci\u00f3n del C.R.S., acept\u00f3 este \u201cregalito\u201d, para los vecinos, quienes en su estad\u00eda en el C.R.S., puedan disfrutar y, probablemente, valorar y cuidar este espacio, como una forma de seguir mejorando la calidad de la atenci\u00f3n usuaria.<\/p>\n<p><img loading=\"lazy\" class=\"aligncenter size-large wp-image-198\" src=\"\/wp-content\/uploads\/2015\/08\/IMG_2861-1024x768.jpg\" alt=\"IMG_2861\" width=\"1024\" height=\"768\" \/><\/p>\n<p>La identidad y la dignidad de las personas son el trasfondo que dan vida a la interpretaci\u00f3n de lo simb\u00f3lico social que hace <em>Chac\u00f3n <\/em>\u00a0y el <em>Mono Gonz\u00e1lez<\/em>, puesto que la cultura chilena, expresada a trav\u00e9s del mural, hace prevalecer la virtud y eleva el \u201cdesorden\u201d de las figuras y de lo que se vivencia en la cotidianidad.<\/p>\n<p>As\u00ed, esta interrelaci\u00f3n de c\u00f3digos que movilizan informaci\u00f3n, a trav\u00e9s de la t\u00e9cnica de la imagen, constituye un importante espacio de representaci\u00f3n de lo social y cultural. Los murales constituyen la materialidad, a trav\u00e9s de la cual, se comunica y se transmite informaci\u00f3n, soportes art\u00edsticos que expresa lo que es, lo que se quiere, consciente o inconscientemente deconstruir y construir culturalmente.<\/p>\n<p><strong>SANTIAGO (Pudahuel)<\/strong>, septiembre 1\u00ba del 2014.<\/p>\n","protected":false},"excerpt":{"rendered":"<p><img loading=\"lazy\" class=\"aligncenter size-large wp-image-197\" src=\"\/wp-content\/uploads\/2015\/08\/IMG_2902-1024x768.jpg\" alt=\"IMG_2902\" width=\"1024\" height=\"768\" \/><\/p>\n<p>Un d\u00eda reluciente acompa\u00f1\u00f3 a los muralistas de las brigadas <em>Chac\u00f3n<\/em> y<em> Ramona Parra<\/em>, j\u00f3venes que junto a sus l\u00edderes \u201c<em>Chac\u00f3n<\/em>\u201d y el \u201c<em>Mono Gonz\u00e1lez<\/em>\u201d,\u00a0 llegaron el 30 de agosto al edificio del Centro de Referencia de Salud \u201c<em>Dr. Salvador Allende Gonssens<\/em>\u201d, invitados por el Programa de Reparaci\u00f3n Integral en Salud (Prais), para restaurar el mural del frontis del edificio y trazar las l\u00edneas y organizar, seg\u00fan su creatividad pl\u00e1tica, otros dos dise\u00f1os, llenos de c\u00f3digos que articulados entre s\u00ed, dan cuenta de parte de la realidad social y cultural de este pa\u00eds.<\/p>\n<p>El entusiasmo y el ritmo juvenil impregnan el ambiente en el C.R.S. y comienzan a aparecer las primeras l\u00edneas que registran contornos visibles que imitan lo real, expresan oposiciones de curvas y rectas, una serie de signos llenos de significados que, en Chile forman parte de la tradici\u00f3n cultural de la expresi\u00f3n popular. Es as\u00ed que desde el 1\u00ba de septiembre, las esperas de los usuarios para ser atendidos en Salud Mental, Odontolog\u00eda y otras Unidades del segundo piso, ser\u00e1 m\u00e1s agradable y arm\u00f3nica.<\/p>\n<p>La armon\u00eda de las personas con su entorno, es una contribuci\u00f3n a la salud en su aspecto m\u00e1s integral. Por ello, la direcci\u00f3n del C.R.S., acept\u00f3 este \u201cregalito\u201d, para los vecinos, quienes en su estad\u00eda en el C.R.S., puedan disfrutar y, probablemente, valorar y cuidar este espacio, como una forma de seguir mejorando la calidad de la atenci\u00f3n usuaria.<\/p>\n<p><img loading=\"lazy\" class=\"aligncenter size-large wp-image-198\" src=\"\/wp-content\/uploads\/2015\/08\/IMG_2861-1024x768.jpg\" alt=\"IMG_2861\" width=\"1024\" height=\"768\" \/><\/p>\n<p>La identidad y la dignidad de las personas son el trasfondo que dan vida a la interpretaci\u00f3n de lo simb\u00f3lico social que hace <em>Chac\u00f3n <\/em>\u00a0y el <em>Mono Gonz\u00e1lez<\/em>, puesto que la cultura chilena, expresada a trav\u00e9s del mural, hace prevalecer la virtud y eleva el \u201cdesorden\u201d de las figuras y de lo que se vivencia en la cotidianidad.<\/p>\n<p>As\u00ed, esta interrelaci\u00f3n de c\u00f3digos que movilizan informaci\u00f3n, a trav\u00e9s de la t\u00e9cnica de la imagen, constituye un importante espacio de representaci\u00f3n de lo social y cultural. Los murales constituyen la materialidad, a trav\u00e9s de la cual, se comunica y se transmite informaci\u00f3n, soportes art\u00edsticos que expresa lo que es, lo que se quiere, consciente o inconscientemente deconstruir y construir culturalmente.<\/p>\n<p><strong>SANTIAGO (Pudahuel)<\/strong>, septiembre 1\u00ba del 2014.<\/p>\n","protected":false},"author":1,"featured_media":0,"comment_status":"open","ping_status":"open","sticky":false,"template":"","format":"standard","meta":[],"categories":[10],"tags":[],"_links":{"self":[{"href":"https:\/\/crssag.cl\/index.php\/wp-json\/wp\/v2\/posts\/196"}],"collection":[{"href":"https:\/\/crssag.cl\/index.php\/wp-json\/wp\/v2\/posts"}],"about":[{"href":"https:\/\/crssag.cl\/index.php\/wp-json\/wp\/v2\/types\/post"}],"author":[{"embeddable":true,"href":"https:\/\/crssag.cl\/index.php\/wp-json\/wp\/v2\/users\/1"}],"replies":[{"embeddable":true,"href":"https:\/\/crssag.cl\/index.php\/wp-json\/wp\/v2\/comments?post=196"}],"version-history":[{"count":1,"href":"https:\/\/crssag.cl\/index.php\/wp-json\/wp\/v2\/posts\/196\/revisions"}],"predecessor-version":[{"id":199,"href":"https:\/\/crssag.cl\/index.php\/wp-json\/wp\/v2\/posts\/196\/revisions\/199"}],"wp:attachment":[{"href":"https:\/\/crssag.cl\/index.php\/wp-json\/wp\/v2\/media?parent=196"}],"wp:term":[{"taxonomy":"category","embeddable":true,"href":"https:\/\/crssag.cl\/index.php\/wp-json\/wp\/v2\/categories?post=196"},{"taxonomy":"post_tag","embeddable":true,"href":"https:\/\/crssag.cl\/index.php\/wp-json\/wp\/v2\/tags?post=196"}],"curies":[{"name":"wp","href":"https:\/\/api.w.org\/{rel}","templated":true}]}}