{"id":192,"date":"2014-09-02T13:49:24","date_gmt":"2014-09-02T16:49:24","guid":{"rendered":"http:\/\/crssag.cl\/?p=192"},"modified":"2015-08-28T13:52:56","modified_gmt":"2015-08-28T16:52:56","slug":"c-r-s-cuenta-con-un-tomografo-ocular-digital-para-la-atencion-de-pacientes-oftalmologicos","status":"publish","type":"post","link":"https:\/\/crssag.cl\/index.php\/2014\/09\/02\/c-r-s-cuenta-con-un-tomografo-ocular-digital-para-la-atencion-de-pacientes-oftalmologicos\/","title":{"rendered":"C.R.S. CUENTA CON UN TOM\u00d3GRAFO OCULAR DIGITAL PARA LA ATENCI\u00d3N DE PACIENTES OFTALMOL\u00d3GICOS"},"content":{"rendered":"<p><img loading=\"lazy\" class=\"aligncenter size-medium wp-image-193\" src=\"\/wp-content\/uploads\/2015\/08\/IMG_2820-300x225.jpg\" alt=\"IMG_2820\" width=\"300\" height=\"225\" \/><\/p>\n<p>El Servicio de Oftalmolog\u00eda del Cetro de Referencia de Salud \u201c<em>Dr. Salvador Allende Gossens<\/em>\u201d, cuenta con importante equipamiento oftalmol\u00f3gico para una eficaz atenci\u00f3n a los pacientes y, a partir de este mes, gracias a la donaci\u00f3n de la Iglesia de Jesucristo de los Santos de los \u00daltimos D\u00edas (Iglesia S.U.D.), conocida tambi\u00e9n como Mormona, se sum\u00f3 un\u00a0 \u00a0tom\u00f3grafo de coherencia \u00f3ptica (esc\u00e1ner ocular), instrumento de diagn\u00f3stico totalmente fiable por su alta precisi\u00f3n en la detecci\u00f3n de enfermedades retinales y glaucoma, as\u00ed como para el seguimiento y estudio expedito de estas patolog\u00edas.<\/p>\n<p>El 2 de septiembre, el C.R.S. realiz\u00f3 una ceremonia de agradecimiento a la Iglesia S.U.D., ocasi\u00f3n en la intervinieron el director del establecimiento, Dr. Ernesto N\u00fa\u00f1ez, el Jefe del Servicio de Oftalmolog\u00eda, Dr. Miguel R\u00edo del Amo y el Director de Asuntos P\u00fablicos de la Iglesia. Todos coincidieron en que este moderno equipo permite ofrecer, a los usuarios de las comunas de Pudahuel, Cerro Navia y Lo Prado, un nuevo examen, m\u00e1s completo y a la vanguardia de la tecnolog\u00eda oftalmol\u00f3gica mundial. Asimismo -aclararon- \u00a0facilita la tarea y todo lo necesario para realizar un completo tratamiento oftalmol\u00f3gico a los pacientes.<\/p>\n<p>De esta manera, el director del C.R.S., Dr. Ernesto N\u00fa\u00f1ez agradeci\u00f3 la ofrenda de la Iglesia S.U.D. y valor\u00f3 el gesto de solidaridad, lo que los engrandece -dijo- y nos hace sentir participes de una comunidad, en la que la fraternidad hace posible la donaci\u00f3n de este importante equipo oftalmol\u00f3gico, lo que constituye un claro avance en la calidad y seguridad de los pacientes, caracter\u00edsticas que -d\u00eda a d\u00eda-\u00a0 procuramos en la atenci\u00f3n que otorgamos. N\u00fa\u00f1ez, agreg\u00f3 que esta nueva condici\u00f3n de seguridad, sin duda, les permite enfrentar de mejor forma la alta demanda por afecciones a la vista, opci\u00f3n que no tienen todas las personas que se atienden en el servicio p\u00fablico, debido a que el alto costo de esta herramienta hac\u00eda, por el momento, imposible adquirirlo.<\/p>\n<p>Adem\u00e1s, el doctor N\u00fa\u00f1ez puso \u00e9nfasis en que como equipo de salud, \u201cnos interesa la comodidad del usuario\u201d. Por lo mismo record\u00f3 que para facilitar el acceso de los adultos mayores a Oftalmolog\u00eda del C.R.S., \u00e9ste servicio funciona -desde principios de este a\u00f1o- en el primer piso y fue completamente remodelado y equipado para otorgarles una atenci\u00f3n m\u00e1s expedita y m\u00e1s c\u00e1lida, finaliz\u00f3 el facultativo.<\/p>\n<p>Esta gesti\u00f3n se concret\u00f3 gracias al persistente trabajo realizado por el cirujano Miguel R\u00edos del Amo con miembros de la Iglesia S.U.D., quienes donaron el tom\u00f3grafo, teniendo en cuenta la significativa cantidad de usuarios que el C.R.S. atiende, cifra cercana a los 500 mil, de los cuales m\u00e1s del 70 por ciento pasa por el \u00e1rea oftalmol\u00f3gica.<\/p>\n<p><img loading=\"lazy\" class=\"aligncenter size-large wp-image-194\" src=\"\/wp-content\/uploads\/2015\/08\/IMG_2940-1024x768.jpg\" alt=\"IMG_2940\" width=\"1024\" height=\"768\" \/><\/p>\n<p><strong>SANTIAGO (Pudahuel)<\/strong>, septiembre 02 del 2014.<\/p>\n","protected":false},"excerpt":{"rendered":"<p><img loading=\"lazy\" class=\"aligncenter size-medium wp-image-193\" src=\"\/wp-content\/uploads\/2015\/08\/IMG_2820-300x225.jpg\" alt=\"IMG_2820\" width=\"300\" height=\"225\" \/><\/p>\n<p>El Servicio de Oftalmolog\u00eda del Cetro de Referencia de Salud \u201c<em>Dr. Salvador Allende Gossens<\/em>\u201d, cuenta con importante equipamiento oftalmol\u00f3gico para una eficaz atenci\u00f3n a los pacientes y, a partir de este mes, gracias a la donaci\u00f3n de la Iglesia de Jesucristo de los Santos de los \u00daltimos D\u00edas (Iglesia S.U.D.), conocida tambi\u00e9n como Mormona, se sum\u00f3 un\u00a0 \u00a0tom\u00f3grafo de coherencia \u00f3ptica (esc\u00e1ner ocular), instrumento de diagn\u00f3stico totalmente fiable por su alta precisi\u00f3n en la detecci\u00f3n de enfermedades retinales y glaucoma, as\u00ed como para el seguimiento y estudio expedito de estas patolog\u00edas.<\/p>\n<p>El 2 de septiembre, el C.R.S. realiz\u00f3 una ceremonia de agradecimiento a la Iglesia S.U.D., ocasi\u00f3n en la intervinieron el director del establecimiento, Dr. Ernesto N\u00fa\u00f1ez, el Jefe del Servicio de Oftalmolog\u00eda, Dr. Miguel R\u00edo del Amo y el Director de Asuntos P\u00fablicos de la Iglesia. Todos coincidieron en que este moderno equipo permite ofrecer, a los usuarios de las comunas de Pudahuel, Cerro Navia y Lo Prado, un nuevo examen, m\u00e1s completo y a la vanguardia de la tecnolog\u00eda oftalmol\u00f3gica mundial. Asimismo -aclararon- \u00a0facilita la tarea y todo lo necesario para realizar un completo tratamiento oftalmol\u00f3gico a los pacientes.<\/p>\n<p>De esta manera, el director del C.R.S., Dr. Ernesto N\u00fa\u00f1ez agradeci\u00f3 la ofrenda de la Iglesia S.U.D. y valor\u00f3 el gesto de solidaridad, lo que los engrandece -dijo- y nos hace sentir participes de una comunidad, en la que la fraternidad hace posible la donaci\u00f3n de este importante equipo oftalmol\u00f3gico, lo que constituye un claro avance en la calidad y seguridad de los pacientes, caracter\u00edsticas que -d\u00eda a d\u00eda-\u00a0 procuramos en la atenci\u00f3n que otorgamos. N\u00fa\u00f1ez, agreg\u00f3 que esta nueva condici\u00f3n de seguridad, sin duda, les permite enfrentar de mejor forma la alta demanda por afecciones a la vista, opci\u00f3n que no tienen todas las personas que se atienden en el servicio p\u00fablico, debido a que el alto costo de esta herramienta hac\u00eda, por el momento, imposible adquirirlo.<\/p>\n<p>Adem\u00e1s, el doctor N\u00fa\u00f1ez puso \u00e9nfasis en que como equipo de salud, \u201cnos interesa la comodidad del usuario\u201d. Por lo mismo record\u00f3 que para facilitar el acceso de los adultos mayores a Oftalmolog\u00eda del C.R.S., \u00e9ste servicio funciona -desde principios de este a\u00f1o- en el primer piso y fue completamente remodelado y equipado para otorgarles una atenci\u00f3n m\u00e1s expedita y m\u00e1s c\u00e1lida, finaliz\u00f3 el facultativo.<\/p>\n<p>Esta gesti\u00f3n se concret\u00f3 gracias al persistente trabajo realizado por el cirujano Miguel R\u00edos del Amo con miembros de la Iglesia S.U.D., quienes donaron el tom\u00f3grafo, teniendo en cuenta la significativa cantidad de usuarios que el C.R.S. atiende, cifra cercana a los 500 mil, de los cuales m\u00e1s del 70 por ciento pasa por el \u00e1rea oftalmol\u00f3gica.<\/p>\n<p><img loading=\"lazy\" class=\"aligncenter size-large wp-image-194\" src=\"\/wp-content\/uploads\/2015\/08\/IMG_2940-1024x768.jpg\" alt=\"IMG_2940\" width=\"1024\" height=\"768\" \/><\/p>\n<p><strong>SANTIAGO (Pudahuel)<\/strong>, septiembre 02 del 2014.<\/p>\n","protected":false},"author":1,"featured_media":0,"comment_status":"open","ping_status":"open","sticky":false,"template":"","format":"standard","meta":[],"categories":[10],"tags":[],"_links":{"self":[{"href":"https:\/\/crssag.cl\/index.php\/wp-json\/wp\/v2\/posts\/192"}],"collection":[{"href":"https:\/\/crssag.cl\/index.php\/wp-json\/wp\/v2\/posts"}],"about":[{"href":"https:\/\/crssag.cl\/index.php\/wp-json\/wp\/v2\/types\/post"}],"author":[{"embeddable":true,"href":"https:\/\/crssag.cl\/index.php\/wp-json\/wp\/v2\/users\/1"}],"replies":[{"embeddable":true,"href":"https:\/\/crssag.cl\/index.php\/wp-json\/wp\/v2\/comments?post=192"}],"version-history":[{"count":1,"href":"https:\/\/crssag.cl\/index.php\/wp-json\/wp\/v2\/posts\/192\/revisions"}],"predecessor-version":[{"id":195,"href":"https:\/\/crssag.cl\/index.php\/wp-json\/wp\/v2\/posts\/192\/revisions\/195"}],"wp:attachment":[{"href":"https:\/\/crssag.cl\/index.php\/wp-json\/wp\/v2\/media?parent=192"}],"wp:term":[{"taxonomy":"category","embeddable":true,"href":"https:\/\/crssag.cl\/index.php\/wp-json\/wp\/v2\/categories?post=192"},{"taxonomy":"post_tag","embeddable":true,"href":"https:\/\/crssag.cl\/index.php\/wp-json\/wp\/v2\/tags?post=192"}],"curies":[{"name":"wp","href":"https:\/\/api.w.org\/{rel}","templated":true}]}}