{"id":187,"date":"2014-09-10T13:45:24","date_gmt":"2014-09-10T16:45:24","guid":{"rendered":"http:\/\/crssag.cl\/?p=187"},"modified":"2015-08-28T13:48:37","modified_gmt":"2015-08-28T16:48:37","slug":"187","status":"publish","type":"post","link":"https:\/\/crssag.cl\/index.php\/2014\/09\/10\/187\/","title":{"rendered":"CARGADAS DE EMOTIVIDAD ESTUVIERON LAS ACTIVIDADES DE CONMEMORACI\u00d3N DEL \u201c11 DE SEPTIEMBRE\u201d EN EL C.R.S."},"content":{"rendered":"<p><img loading=\"lazy\" class=\"aligncenter size-medium wp-image-189\" src=\"\/wp-content\/uploads\/2015\/08\/IMG_3076-300x225.jpg\" alt=\"IMG_3076\" width=\"300\" height=\"225\" \/><\/p>\n<p>A 41 a\u00f1os del golpe militar, el Centro de Referencia de Salud \u201c<em>Dr. Salvador Allende Gossens<\/em>\u201d, conjuntamente con el Programa de Reparaci\u00f3n Integral en Salud (PRAIS) Occidente Urbano, conmemoraron \u201c<em>11 de Septiembre<\/em>\u201d con una serie de actividades que contemplaron el pintado de murales en salas de espera y en el frontis del edificio; la exposici\u00f3n de la tercera feria artesanal y una olla com\u00fan. El evento se realiz\u00f3 el 10 de septiembre, en las dependencias del C.R.S.<\/p>\n<p>El acto central tuvo lugar a las 12:30 horas, en el frontis de establecimiento de salud, en el que se encontraban presentes el Director del Servicio de Salud Metropolitano Occidente (S.S.M.Oc.), Dr. Vladimir Pizarro; el director del C.R.S., Dr. Ernesto N\u00fa\u00f1ez, la Subdirectora M\u00e9dica, Dra. Alicia Canales; la Coordinadora del Prais Occidente Urbano, Alejandra G\u00f3mez; dirigentes\u00a0 y usuarios del programa; representantes del Consejo Consultivo de Usuarios, funcionarios del establecimiento de salud, entre otros directivos.<\/p>\n<p>En su intervenci\u00f3n el director del C.R.S., Dr. Ernesto N\u00fa\u00f1ez, expres\u00f3 su voluntad pol\u00edtica y la del gobierno para otorgar mayor\u00a0 igualdad y\u00a0 justicia a los\u00a0 beneficiarios\u00a0 del\u00a0 Sistema\u00a0 P\u00fablico\u00a0 de\u00a0 Salud, especialmente -aclarar\u00f3-\u00a0 porque es en este \u00e1mbito donde se atienden la mayor\u00eda de las personas m\u00e1s pobres y enfermas del pa\u00eds.<\/p>\n<p>Adem\u00e1s, N\u00fa\u00f1ez hizo un reconocimiento al trabajo del personal que se desempe\u00f1a en el Prais y destac\u00f3 que la dignidad de los usuarios exige coordinar los esfuerzos para mejorar la calidad de la salud de la poblaci\u00f3n y, en eso estamos, finaliz\u00f3.<\/p>\n<p>El Prais naci\u00f3 en 1990 con el objetivo de otorgar una atenci\u00f3n de salud f\u00edsica y mental, a las v\u00edctimas de la represi\u00f3n pol\u00edtica (1973-1990), cuya ley 19.980 fue promulgada el a\u00f1o 2004, dependiendo presupuestariamente del Ministerio de Salud. El programa de esta zona se divide en el Rural que atiende principalmente en la Provincia de Talagante y el Urbano, que funciona en el C.R.S. Aqu\u00ed son atendidos los beneficiarios de la comuna que lo alberga y los usuarios de Curacav\u00ed, Renca, Quinta Normal, Lo Prado y Cerro Navia, los que a la fecha ascienden estimativamente a\u00a0 40 mil. Esta importante demanda de prestaciones se otorga principalmente, en psiquiatr\u00eda, psicolog\u00eda, medicina y asistencia social.<\/p>\n<p>En este contexto el director del S.S.M.Oc., Dr. Vladimir Pizarro se refiri\u00f3 al trabajo que realizan en salud para mejorar la calidad de vida de mucha gente de estas comunas. Asimismo, se dio el tiempo para responder las preguntas que surgieron de entre los usuarios y agradecer la invitaci\u00f3n a la conmemoraci\u00f3n.<\/p>\n<p>Finalmente, en los jardines del C.R.S. se observ\u00f3 una apetitosa y milagrosa olla com\u00fan (porotada, sopaipillada con harto pebre y mateada), alrededor de la cual compartieron los usuarios, los funcionarios y los artistas que realzaron el momento, a trav\u00e9s de la m\u00fasica y la poes\u00eda, vehiculizando de esta manera, el sentir simb\u00f3lico social de aquellos duros a\u00f1os de dictadura militar.<\/p>\n<p><img loading=\"lazy\" class=\"aligncenter size-medium wp-image-188\" src=\"\/wp-content\/uploads\/2015\/08\/IMG_3098-300x225.jpg\" alt=\"IMG_3098\" width=\"300\" height=\"225\" \/><\/p>\n<p>&nbsp;<\/p>\n<p><strong>SANTIAGO (Pudahuel)<\/strong>, septiembre 10 del 2014.<\/p>\n","protected":false},"excerpt":{"rendered":"<p><img loading=\"lazy\" class=\"aligncenter size-medium wp-image-189\" src=\"\/wp-content\/uploads\/2015\/08\/IMG_3076-300x225.jpg\" alt=\"IMG_3076\" width=\"300\" height=\"225\" \/><\/p>\n<p>A 41 a\u00f1os del golpe militar, el Centro de Referencia de Salud \u201c<em>Dr. Salvador Allende Gossens<\/em>\u201d, conjuntamente con el Programa de Reparaci\u00f3n Integral en Salud (PRAIS) Occidente Urbano, conmemoraron \u201c<em>11 de Septiembre<\/em>\u201d con una serie de actividades que contemplaron el pintado de murales en salas de espera y en el frontis del edificio; la exposici\u00f3n de la tercera feria artesanal y una olla com\u00fan. El evento se realiz\u00f3 el 10 de septiembre, en las dependencias del C.R.S.<\/p>\n<p>El acto central tuvo lugar a las 12:30 horas, en el frontis de establecimiento de salud, en el que se encontraban presentes el Director del Servicio de Salud Metropolitano Occidente (S.S.M.Oc.), Dr. Vladimir Pizarro; el director del C.R.S., Dr. Ernesto N\u00fa\u00f1ez, la Subdirectora M\u00e9dica, Dra. Alicia Canales; la Coordinadora del Prais Occidente Urbano, Alejandra G\u00f3mez; dirigentes\u00a0 y usuarios del programa; representantes del Consejo Consultivo de Usuarios, funcionarios del establecimiento de salud, entre otros directivos.<\/p>\n<p>En su intervenci\u00f3n el director del C.R.S., Dr. Ernesto N\u00fa\u00f1ez, expres\u00f3 su voluntad pol\u00edtica y la del gobierno para otorgar mayor\u00a0 igualdad y\u00a0 justicia a los\u00a0 beneficiarios\u00a0 del\u00a0 Sistema\u00a0 P\u00fablico\u00a0 de\u00a0 Salud, especialmente -aclarar\u00f3-\u00a0 porque es en este \u00e1mbito donde se atienden la mayor\u00eda de las personas m\u00e1s pobres y enfermas del pa\u00eds.<\/p>\n<p>Adem\u00e1s, N\u00fa\u00f1ez hizo un reconocimiento al trabajo del personal que se desempe\u00f1a en el Prais y destac\u00f3 que la dignidad de los usuarios exige coordinar los esfuerzos para mejorar la calidad de la salud de la poblaci\u00f3n y, en eso estamos, finaliz\u00f3.<\/p>\n<p>El Prais naci\u00f3 en 1990 con el objetivo de otorgar una atenci\u00f3n de salud f\u00edsica y mental, a las v\u00edctimas de la represi\u00f3n pol\u00edtica (1973-1990), cuya ley 19.980 fue promulgada el a\u00f1o 2004, dependiendo presupuestariamente del Ministerio de Salud. El programa de esta zona se divide en el Rural que atiende principalmente en la Provincia de Talagante y el Urbano, que funciona en el C.R.S. Aqu\u00ed son atendidos los beneficiarios de la comuna que lo alberga y los usuarios de Curacav\u00ed, Renca, Quinta Normal, Lo Prado y Cerro Navia, los que a la fecha ascienden estimativamente a\u00a0 40 mil. Esta importante demanda de prestaciones se otorga principalmente, en psiquiatr\u00eda, psicolog\u00eda, medicina y asistencia social.<\/p>\n<p>En este contexto el director del S.S.M.Oc., Dr. Vladimir Pizarro se refiri\u00f3 al trabajo que realizan en salud para mejorar la calidad de vida de mucha gente de estas comunas. Asimismo, se dio el tiempo para responder las preguntas que surgieron de entre los usuarios y agradecer la invitaci\u00f3n a la conmemoraci\u00f3n.<\/p>\n<p>Finalmente, en los jardines del C.R.S. se observ\u00f3 una apetitosa y milagrosa olla com\u00fan (porotada, sopaipillada con harto pebre y mateada), alrededor de la cual compartieron los usuarios, los funcionarios y los artistas que realzaron el momento, a trav\u00e9s de la m\u00fasica y la poes\u00eda, vehiculizando de esta manera, el sentir simb\u00f3lico social de aquellos duros a\u00f1os de dictadura militar.<\/p>\n<p><img loading=\"lazy\" class=\"aligncenter size-medium wp-image-188\" src=\"\/wp-content\/uploads\/2015\/08\/IMG_3098-300x225.jpg\" alt=\"IMG_3098\" width=\"300\" height=\"225\" \/><\/p>\n<p>&nbsp;<\/p>\n<p><strong>SANTIAGO (Pudahuel)<\/strong>, septiembre 10 del 2014.<\/p>\n","protected":false},"author":1,"featured_media":0,"comment_status":"open","ping_status":"open","sticky":false,"template":"","format":"standard","meta":[],"categories":[10],"tags":[],"_links":{"self":[{"href":"https:\/\/crssag.cl\/index.php\/wp-json\/wp\/v2\/posts\/187"}],"collection":[{"href":"https:\/\/crssag.cl\/index.php\/wp-json\/wp\/v2\/posts"}],"about":[{"href":"https:\/\/crssag.cl\/index.php\/wp-json\/wp\/v2\/types\/post"}],"author":[{"embeddable":true,"href":"https:\/\/crssag.cl\/index.php\/wp-json\/wp\/v2\/users\/1"}],"replies":[{"embeddable":true,"href":"https:\/\/crssag.cl\/index.php\/wp-json\/wp\/v2\/comments?post=187"}],"version-history":[{"count":2,"href":"https:\/\/crssag.cl\/index.php\/wp-json\/wp\/v2\/posts\/187\/revisions"}],"predecessor-version":[{"id":191,"href":"https:\/\/crssag.cl\/index.php\/wp-json\/wp\/v2\/posts\/187\/revisions\/191"}],"wp:attachment":[{"href":"https:\/\/crssag.cl\/index.php\/wp-json\/wp\/v2\/media?parent=187"}],"wp:term":[{"taxonomy":"category","embeddable":true,"href":"https:\/\/crssag.cl\/index.php\/wp-json\/wp\/v2\/categories?post=187"},{"taxonomy":"post_tag","embeddable":true,"href":"https:\/\/crssag.cl\/index.php\/wp-json\/wp\/v2\/tags?post=187"}],"curies":[{"name":"wp","href":"https:\/\/api.w.org\/{rel}","templated":true}]}}