{"id":158,"date":"2015-05-20T11:32:44","date_gmt":"2015-05-20T14:32:44","guid":{"rendered":"http:\/\/crssag.cl\/?p=158"},"modified":"2015-12-29T13:13:07","modified_gmt":"2015-12-29T16:13:07","slug":"medicos-de-la-atencion-primaria-de-la-red-occidente-se-reunieron-en-exitosa-jornada-de-neurologia-or","status":"publish","type":"post","link":"https:\/\/crssag.cl\/index.php\/2015\/05\/20\/medicos-de-la-atencion-primaria-de-la-red-occidente-se-reunieron-en-exitosa-jornada-de-neurologia-or\/","title":{"rendered":"M\u00c9DICOS DE LA ATENCI\u00d3N PRIMARIA DE LA RED OCCIDENTE SE REUNIERON EN EXITOSA JORNADA DE NEUROLOG\u00cdA ORGANIZADA POR EL C.R.S."},"content":{"rendered":"<p><img loading=\"lazy\" class=\"aligncenter size-large wp-image-159\" src=\"\/wp-content\/uploads\/2015\/08\/IMG_4568-1024x768.jpg\" alt=\"IMG_4568\" width=\"1024\" height=\"768\" \/><\/p>\n<p>El Centro de Referencia de Salud \u201c<em>Dr. Salvador Allende Gossens<\/em>\u201d, realiz\u00f3 el 20 de mayo, la Jornada \u201c<strong><em>Neurolog\u00eda para la Atenci\u00f3n Primaria<\/em><\/strong>\u201d, actividad organizada por el Servicio de Neurolog\u00eda del C.R.S., destinada a los m\u00e9dicos de la Red Occidente que tratan a pacientes con enfermedades de este tipo, cuyo objetivo fue efectuar una puesta al d\u00eda en conocimientos cient\u00edficos sobre las afecciones neurol\u00f3gicas y, a su vez, precisar y compartir un lenguaje y \u00a0experiencias m\u00e9dicas que permitan consensuar protocolos y gu\u00edas cl\u00ednicas que favorezcan el trabajo en Red y mejoren la atenci\u00f3n de salud otorgada a los usuarios que se atienden en el nivel primario y secundario.<\/p>\n<p>&nbsp;<\/p>\n<p>En la ceremonia de inauguraci\u00f3n, intervino el director del C.R.S., Dr. Ernesto N\u00fa\u00f1ez Bornand, quien junto con dar la bienvenida a los asistentes, destac\u00f3 el esfuerzo desplegado para la implementaci\u00f3n de la actividad de extensi\u00f3n. Asimismo, valor\u00f3 el trabajo de la atenci\u00f3n primaria y el inter\u00e9s por conocer y aprender de la expert\u00edse y los conocimientos de los especialistas del C.R.S., neur\u00f3logos Daniel Galdames y Carlos Guevara, quienes -entre otros contenidos desarrollados- ilustraron a los participantes en Cefaleas, Epilepsias, Demencias y Enfermedad de Parkinson. Adem\u00e1s, N\u00fa\u00f1ez incentiv\u00f3 a los asistentes a continuar con este v\u00ednculo, que fortalecer\u00e1 el\u00a0 \u00a0\u00e1mbito\u00a0 cl\u00ednico y tambi\u00e9n el de gesti\u00f3n. Por lo mismo, llam\u00f3 a aprovechar esta instancia, para extraer experiencias m\u00e9dicas que contribuyan a otorgar un mejor servicio a los usuarios.<\/p>\n<p>&nbsp;<\/p>\n<p>Por su parte el Dr. Galdames, Jefe del Servicio de Neurolog\u00eda y Coordinador de la Jornada, puso \u00e9nfasis en la importancia de sincronizar el \u00e1mbito asistencial y acad\u00e9mico, entendiendo que este es un proceso en desarrollo que permitir\u00e1 enriquecer el bagaje y la experiencia profesional, elementos que tambi\u00e9n permitir\u00e1n poner en com\u00fan los c\u00f3digos en este \u00e1mbito, as\u00ed como las gu\u00edas cl\u00ednicas, todo con el prop\u00f3sito de hacer m\u00e1s eficiente el escaso recurso y favorecer el manejo de los paciente con enfermedades neurol\u00f3gicas, concluy\u00f3.<\/p>\n<p><img loading=\"lazy\" class=\"aligncenter wp-image-160 size-large\" src=\"\/wp-content\/uploads\/2015\/08\/IMG_4571-1024x768.jpg\" alt=\"IMG_4571\" width=\"1024\" height=\"768\" \/><\/p>\n<p>&nbsp;<\/p>\n<p><strong>SANTIAGO (Pudahuel), <\/strong>mayo 20 en 2015.<\/p>\n","protected":false},"excerpt":{"rendered":"<p><img loading=\"lazy\" class=\"aligncenter size-large wp-image-159\" src=\"\/wp-content\/uploads\/2015\/08\/IMG_4568-1024x768.jpg\" alt=\"IMG_4568\" width=\"1024\" height=\"768\" \/><\/p>\n<p>El Centro de Referencia de Salud \u201c<em>Dr. Salvador Allende Gossens<\/em>\u201d, realiz\u00f3 el 20 de mayo, la Jornada \u201c<strong><em>Neurolog\u00eda para la Atenci\u00f3n Primaria<\/em><\/strong>\u201d, actividad organizada por el Servicio de Neurolog\u00eda del C.R.S., destinada a los m\u00e9dicos de la Red Occidente que tratan a pacientes con enfermedades de este tipo, cuyo objetivo fue efectuar una puesta al d\u00eda en conocimientos cient\u00edficos sobre las afecciones neurol\u00f3gicas y, a su vez, precisar y compartir un lenguaje y \u00a0experiencias m\u00e9dicas que permitan consensuar protocolos y gu\u00edas cl\u00ednicas que favorezcan el trabajo en Red y mejoren la atenci\u00f3n de salud otorgada a los usuarios que se atienden en el nivel primario y secundario.<\/p>\n<p>&nbsp;<\/p>\n<p>En la ceremonia de inauguraci\u00f3n, intervino el director del C.R.S., Dr. Ernesto N\u00fa\u00f1ez Bornand, quien junto con dar la bienvenida a los asistentes, destac\u00f3 el esfuerzo desplegado para la implementaci\u00f3n de la actividad de extensi\u00f3n. Asimismo, valor\u00f3 el trabajo de la atenci\u00f3n primaria y el inter\u00e9s por conocer y aprender de la expert\u00edse y los conocimientos de los especialistas del C.R.S., neur\u00f3logos Daniel Galdames y Carlos Guevara, quienes -entre otros contenidos desarrollados- ilustraron a los participantes en Cefaleas, Epilepsias, Demencias y Enfermedad de Parkinson. Adem\u00e1s, N\u00fa\u00f1ez incentiv\u00f3 a los asistentes a continuar con este v\u00ednculo, que fortalecer\u00e1 el\u00a0 \u00a0\u00e1mbito\u00a0 cl\u00ednico y tambi\u00e9n el de gesti\u00f3n. Por lo mismo, llam\u00f3 a aprovechar esta instancia, para extraer experiencias m\u00e9dicas que contribuyan a otorgar un mejor servicio a los usuarios.<\/p>\n<p>&nbsp;<\/p>\n<p>Por su parte el Dr. Galdames, Jefe del Servicio de Neurolog\u00eda y Coordinador de la Jornada, puso \u00e9nfasis en la importancia de sincronizar el \u00e1mbito asistencial y acad\u00e9mico, entendiendo que este es un proceso en desarrollo que permitir\u00e1 enriquecer el bagaje y la experiencia profesional, elementos que tambi\u00e9n permitir\u00e1n poner en com\u00fan los c\u00f3digos en este \u00e1mbito, as\u00ed como las gu\u00edas cl\u00ednicas, todo con el prop\u00f3sito de hacer m\u00e1s eficiente el escaso recurso y favorecer el manejo de los paciente con enfermedades neurol\u00f3gicas, concluy\u00f3.<\/p>\n<p><img loading=\"lazy\" class=\"aligncenter wp-image-160 size-large\" src=\"\/wp-content\/uploads\/2015\/08\/IMG_4571-1024x768.jpg\" alt=\"IMG_4571\" width=\"1024\" height=\"768\" \/><\/p>\n<p>&nbsp;<\/p>\n<p><strong>SANTIAGO (Pudahuel), <\/strong>mayo 20 en 2015.<\/p>\n","protected":false},"author":1,"featured_media":0,"comment_status":"open","ping_status":"open","sticky":false,"template":"","format":"standard","meta":[],"categories":[10],"tags":[],"_links":{"self":[{"href":"https:\/\/crssag.cl\/index.php\/wp-json\/wp\/v2\/posts\/158"}],"collection":[{"href":"https:\/\/crssag.cl\/index.php\/wp-json\/wp\/v2\/posts"}],"about":[{"href":"https:\/\/crssag.cl\/index.php\/wp-json\/wp\/v2\/types\/post"}],"author":[{"embeddable":true,"href":"https:\/\/crssag.cl\/index.php\/wp-json\/wp\/v2\/users\/1"}],"replies":[{"embeddable":true,"href":"https:\/\/crssag.cl\/index.php\/wp-json\/wp\/v2\/comments?post=158"}],"version-history":[{"count":1,"href":"https:\/\/crssag.cl\/index.php\/wp-json\/wp\/v2\/posts\/158\/revisions"}],"predecessor-version":[{"id":161,"href":"https:\/\/crssag.cl\/index.php\/wp-json\/wp\/v2\/posts\/158\/revisions\/161"}],"wp:attachment":[{"href":"https:\/\/crssag.cl\/index.php\/wp-json\/wp\/v2\/media?parent=158"}],"wp:term":[{"taxonomy":"category","embeddable":true,"href":"https:\/\/crssag.cl\/index.php\/wp-json\/wp\/v2\/categories?post=158"},{"taxonomy":"post_tag","embeddable":true,"href":"https:\/\/crssag.cl\/index.php\/wp-json\/wp\/v2\/tags?post=158"}],"curies":[{"name":"wp","href":"https:\/\/api.w.org\/{rel}","templated":true}]}}