{"id":1275,"date":"2018-04-04T15:17:57","date_gmt":"2018-04-04T18:17:57","guid":{"rendered":"http:\/\/crssag.cl\/?p=1275"},"modified":"2018-04-04T15:17:57","modified_gmt":"2018-04-04T18:17:57","slug":"hoy-partieron-primeras-cirugias-urologicas-ambulatorias-en-el-c-r-s","status":"publish","type":"post","link":"https:\/\/crssag.cl\/index.php\/2018\/04\/04\/hoy-partieron-primeras-cirugias-urologicas-ambulatorias-en-el-c-r-s\/","title":{"rendered":"HOY PARTIERON PRIMERAS CIRUG\u00cdAS UROL\u00d3GICAS AMBULATORIAS EN EL C.R.S."},"content":{"rendered":"<p><img loading=\"lazy\" class=\"wp-image-1276 aligncenter\" src=\"\/wp-content\/uploads\/2018\/04\/IMG_1132_opt-1.jpg\" alt=\"\" width=\"664\" height=\"373\" srcset=\"https:\/\/crssag.cl\/wp-content\/uploads\/2018\/04\/IMG_1132_opt-1.jpg 400w, https:\/\/crssag.cl\/wp-content\/uploads\/2018\/04\/IMG_1132_opt-1-150x84.jpg 150w, https:\/\/crssag.cl\/wp-content\/uploads\/2018\/04\/IMG_1132_opt-1-300x169.jpg 300w\" sizes=\"(max-width: 664px) 100vw, 664px\" \/>Hoy, 4 de abril el Centro de Referencia de Salud \u00abDr. Salvador Allende Gossens\u201d, realiz\u00f3 sus primeras cirug\u00edas urol\u00f3gicas ambulatorias, motivados por mejorar y ampliar la oferta de servicios a disposici\u00f3n de los vecinos de las comunas de Pudahuel, Cerro Navia y Lo Prado. As\u00ed lo dio a conocer el director del establecimiento, Dr. Ernesto N\u00fa\u00f1ez, quien inform\u00f3 que esta t\u00e9cnica quir\u00fargica que tratar\u00e1 el sistema genital y el sistema urinario masculino, considera la circuncisi\u00f3n, hidrocele, quiste en el epid\u00eddimo y varicocele.<\/p>\n<p style=\"text-align: justify;\">El directivo sostuvo que seguir\u00e1n desarroll\u00e1ndose como instituci\u00f3n y que se encuentran trabajando en mejorar, cada d\u00eda, la calidad de la atenci\u00f3n en pos de la seguridad de nuestros pacientes, subray\u00f3. Para esto, se han hecho importantes inversiones en la Unidad de Pabell\u00f3n y Cirug\u00eda Ambulatoria, como dotarlo de equipamiento e instrumental de alta eficacia.<\/p>\n<p style=\"text-align: justify;\"><img loading=\"lazy\" class=\" wp-image-1277 alignleft\" src=\"\/wp-content\/uploads\/2018\/04\/IMG_1148_opt.jpg\" alt=\"\" width=\"375\" height=\"211\" srcset=\"https:\/\/crssag.cl\/wp-content\/uploads\/2018\/04\/IMG_1148_opt.jpg 400w, https:\/\/crssag.cl\/wp-content\/uploads\/2018\/04\/IMG_1148_opt-150x84.jpg 150w, https:\/\/crssag.cl\/wp-content\/uploads\/2018\/04\/IMG_1148_opt-300x169.jpg 300w\" sizes=\"(max-width: 375px) 100vw, 375px\" \/>Esta nueva cirug\u00eda mayor ambulatoria que se suma a las existentes, se realizar\u00e1n los mi\u00e9rcoles y viernes. Estar\u00e1n encabezadas por los ur\u00f3logos: Jos\u00e9 Miguel Ayala y Eduardo Cachutt, especialistas que cuentan con un comprometido equipo de anestesista, enfermeras y t\u00e9cnicos en enfermer\u00eda (Tens), entre otros profesionales cl\u00ednicos, quienes brindan a los usuarios del C.R.S., una atenci\u00f3n especializada, oportuna, de calidad, segura y cercana a la comunidad.<\/p>\n<p style=\"text-align: justify;\">Finalmente, N\u00fa\u00f1ez inform\u00f3 que desde el a\u00f1o pasado \u201chemos puesto todo nuestro empe\u00f1o para contar con esta especialidad, necesaria para nuestros usuarios y que hoy se hizo realidad\u201d. Asimismo, resalt\u00f3 que los avances experimentados en la Unidad de Pabell\u00f3n y Cirug\u00eda Ambulatoria del C.R.S., nos han permitido el cumplimiento de nuestras metas sanitarias, entre otros desaf\u00edos propios de la entrega de atenci\u00f3n m\u00e9dica y odontol\u00f3gica.<\/p>\n","protected":false},"excerpt":{"rendered":"<p><img loading=\"lazy\" class=\"wp-image-1276 aligncenter\" src=\"\/wp-content\/uploads\/2018\/04\/IMG_1132_opt-1.jpg\" alt=\"\" width=\"664\" height=\"373\" srcset=\"https:\/\/crssag.cl\/wp-content\/uploads\/2018\/04\/IMG_1132_opt-1.jpg 400w, https:\/\/crssag.cl\/wp-content\/uploads\/2018\/04\/IMG_1132_opt-1-150x84.jpg 150w, https:\/\/crssag.cl\/wp-content\/uploads\/2018\/04\/IMG_1132_opt-1-300x169.jpg 300w\" sizes=\"(max-width: 664px) 100vw, 664px\" \/>Hoy, 4 de abril el Centro de Referencia de Salud \u00abDr. Salvador Allende Gossens\u201d, realiz\u00f3 sus primeras cirug\u00edas urol\u00f3gicas ambulatorias, motivados por mejorar y ampliar la oferta de servicios a disposici\u00f3n de los vecinos de las comunas de Pudahuel, Cerro Navia y Lo Prado. As\u00ed lo dio a conocer el director del establecimiento, Dr. Ernesto N\u00fa\u00f1ez, quien inform\u00f3 que esta t\u00e9cnica quir\u00fargica que tratar\u00e1 el sistema genital y el sistema urinario masculino, considera la circuncisi\u00f3n, hidrocele, quiste en el epid\u00eddimo y varicocele.<\/p>\n<p style=\"text-align: justify;\">El directivo sostuvo que seguir\u00e1n desarroll\u00e1ndose como instituci\u00f3n y que se encuentran trabajando en mejorar, cada d\u00eda, la calidad de la atenci\u00f3n en pos de la seguridad de nuestros pacientes, subray\u00f3. Para esto, se han hecho importantes inversiones en la Unidad de Pabell\u00f3n y Cirug\u00eda Ambulatoria, como dotarlo de equipamiento e instrumental de alta eficacia.<\/p>\n<p style=\"text-align: justify;\"><img loading=\"lazy\" class=\" wp-image-1277 alignleft\" src=\"\/wp-content\/uploads\/2018\/04\/IMG_1148_opt.jpg\" alt=\"\" width=\"375\" height=\"211\" srcset=\"https:\/\/crssag.cl\/wp-content\/uploads\/2018\/04\/IMG_1148_opt.jpg 400w, https:\/\/crssag.cl\/wp-content\/uploads\/2018\/04\/IMG_1148_opt-150x84.jpg 150w, https:\/\/crssag.cl\/wp-content\/uploads\/2018\/04\/IMG_1148_opt-300x169.jpg 300w\" sizes=\"(max-width: 375px) 100vw, 375px\" \/>Esta nueva cirug\u00eda mayor ambulatoria que se suma a las existentes, se realizar\u00e1n los mi\u00e9rcoles y viernes. Estar\u00e1n encabezadas por los ur\u00f3logos: Jos\u00e9 Miguel Ayala y Eduardo Cachutt, especialistas que cuentan con un comprometido equipo de anestesista, enfermeras y t\u00e9cnicos en enfermer\u00eda (Tens), entre otros profesionales cl\u00ednicos, quienes brindan a los usuarios del C.R.S., una atenci\u00f3n especializada, oportuna, de calidad, segura y cercana a la comunidad.<\/p>\n<p style=\"text-align: justify;\">Finalmente, N\u00fa\u00f1ez inform\u00f3 que desde el a\u00f1o pasado \u201chemos puesto todo nuestro empe\u00f1o para contar con esta especialidad, necesaria para nuestros usuarios y que hoy se hizo realidad\u201d. Asimismo, resalt\u00f3 que los avances experimentados en la Unidad de Pabell\u00f3n y Cirug\u00eda Ambulatoria del C.R.S., nos han permitido el cumplimiento de nuestras metas sanitarias, entre otros desaf\u00edos propios de la entrega de atenci\u00f3n m\u00e9dica y odontol\u00f3gica.<\/p>\n","protected":false},"author":1,"featured_media":0,"comment_status":"open","ping_status":"open","sticky":false,"template":"","format":"standard","meta":[],"categories":[11,9,10,4],"tags":[],"_links":{"self":[{"href":"https:\/\/crssag.cl\/index.php\/wp-json\/wp\/v2\/posts\/1275"}],"collection":[{"href":"https:\/\/crssag.cl\/index.php\/wp-json\/wp\/v2\/posts"}],"about":[{"href":"https:\/\/crssag.cl\/index.php\/wp-json\/wp\/v2\/types\/post"}],"author":[{"embeddable":true,"href":"https:\/\/crssag.cl\/index.php\/wp-json\/wp\/v2\/users\/1"}],"replies":[{"embeddable":true,"href":"https:\/\/crssag.cl\/index.php\/wp-json\/wp\/v2\/comments?post=1275"}],"version-history":[{"count":9,"href":"https:\/\/crssag.cl\/index.php\/wp-json\/wp\/v2\/posts\/1275\/revisions"}],"predecessor-version":[{"id":1286,"href":"https:\/\/crssag.cl\/index.php\/wp-json\/wp\/v2\/posts\/1275\/revisions\/1286"}],"wp:attachment":[{"href":"https:\/\/crssag.cl\/index.php\/wp-json\/wp\/v2\/media?parent=1275"}],"wp:term":[{"taxonomy":"category","embeddable":true,"href":"https:\/\/crssag.cl\/index.php\/wp-json\/wp\/v2\/categories?post=1275"},{"taxonomy":"post_tag","embeddable":true,"href":"https:\/\/crssag.cl\/index.php\/wp-json\/wp\/v2\/tags?post=1275"}],"curies":[{"name":"wp","href":"https:\/\/api.w.org\/{rel}","templated":true}]}}