{"id":126,"date":"2015-06-11T11:45:30","date_gmt":"2015-06-11T14:45:30","guid":{"rendered":"http:\/\/crssag.cl\/?p=126"},"modified":"2015-10-09T14:32:58","modified_gmt":"2015-10-09T17:32:58","slug":"c-r-s-convoco-a-profesionales-de-la-salud-mental-para-revisar-referencia-y-contrareferencia","status":"publish","type":"post","link":"https:\/\/crssag.cl\/index.php\/2015\/06\/11\/c-r-s-convoco-a-profesionales-de-la-salud-mental-para-revisar-referencia-y-contrareferencia\/","title":{"rendered":"C.R.S. CONVOC\u00d3 A PROFESIONALES DE LA SALUD MENTAL PARA REVISAR REFERENCIA Y CONTRAREFERENCIA"},"content":{"rendered":"<p><img loading=\"lazy\" class=\"aligncenter size-large wp-image-127\" src=\"\/wp-content\/uploads\/2015\/08\/IMG_4663-1024x768.jpg\" alt=\"IMG_4663\" width=\"1024\" height=\"768\" \/><\/p>\n<p>Generar espacios de participaci\u00f3n, comunicaci\u00f3n y de retroalimentaci\u00f3n en materia de referencia y contrareferencia de los usuarios de la Unidad de Salud Mental del Centro de Salud \u201c<em>Dr. Salvador Allende Gonssens<\/em>\u201d, fue uno de los objetivos planteados para la jornada, realizada el 11 de junio, de 08:30 a 12:00 horas, en el auditorio de dicho establecimiento. La actividad fue organizada por el Equipo Red Salud Mental del C.R.S., constituido por la encargada de la unidad, enfermera Natacha Ulloa; la terapeuta ocupacional Karla Salinger y las trabajadoras sociales, Roxana Castillo y Liliana Contreras.<\/p>\n<p>En la oportunidad el m\u00e9dico psiquiatra, Dr. William Cort\u00e9s, dict\u00f3 una charla magistral sobre \u201c<em>Contextualizaci\u00f3n Hist\u00f3rica del F\u00e1rmaco Clozapina e Implicancia Cl\u00ednica<\/em>\u201d y la enfermera Natacha Ulloa, expuso sobre el \u201c<em>Programa Clozapina de la Unidad de Salud Mental<\/em>\u201d. La actividad concluy\u00f3 con una mesa de trabajo relacionada a los temas examinados y la evaluaci\u00f3n de las tem\u00e1ticas que revisar\u00e1n en las pr\u00f3ximas actividades, entre otras materias de salud metal y de coordinaci\u00f3n entre el nivel primario y secundario.<img loading=\"lazy\" class=\"aligncenter size-large wp-image-128\" src=\"\/wp-content\/uploads\/2015\/08\/IMG_4656-1024x768.jpg\" alt=\"IMG_4656\" width=\"1024\" height=\"768\" \/><\/p>\n<p>A la cita concurrieron los referentes de Salud Mental y de la Atenci\u00f3n Primaria (A.P.S.) del Servicio de Salud Metropolitano Occidente y profesionales de la salud de la A.P.S. y los Cosam de Pudahuel, Cerro Navia y Lo Prado, a quienes se les capacit\u00f3 en t\u00f3picos de salud mental y compartieron conocimientos sobre la medicaci\u00f3n y las principales patolog\u00edas que afectan a la poblaci\u00f3n que les corresponde atender diariamente, dado que el prop\u00f3sito primordial es mejorar la continuidad y calidad de la atenci\u00f3n usuaria.<\/p>\n<p><strong>SANTIAGO (Pudahuel)<\/strong>, junio 11 del 2015.<\/p>\n","protected":false},"excerpt":{"rendered":"<p><img loading=\"lazy\" class=\"aligncenter size-large wp-image-127\" src=\"\/wp-content\/uploads\/2015\/08\/IMG_4663-1024x768.jpg\" alt=\"IMG_4663\" width=\"1024\" height=\"768\" \/><\/p>\n<p>Generar espacios de participaci\u00f3n, comunicaci\u00f3n y de retroalimentaci\u00f3n en materia de referencia y contrareferencia de los usuarios de la Unidad de Salud Mental del Centro de Salud \u201c<em>Dr. Salvador Allende Gonssens<\/em>\u201d, fue uno de los objetivos planteados para la jornada, realizada el 11 de junio, de 08:30 a 12:00 horas, en el auditorio de dicho establecimiento. La actividad fue organizada por el Equipo Red Salud Mental del C.R.S., constituido por la encargada de la unidad, enfermera Natacha Ulloa; la terapeuta ocupacional Karla Salinger y las trabajadoras sociales, Roxana Castillo y Liliana Contreras.<\/p>\n<p>En la oportunidad el m\u00e9dico psiquiatra, Dr. William Cort\u00e9s, dict\u00f3 una charla magistral sobre \u201c<em>Contextualizaci\u00f3n Hist\u00f3rica del F\u00e1rmaco Clozapina e Implicancia Cl\u00ednica<\/em>\u201d y la enfermera Natacha Ulloa, expuso sobre el \u201c<em>Programa Clozapina de la Unidad de Salud Mental<\/em>\u201d. La actividad concluy\u00f3 con una mesa de trabajo relacionada a los temas examinados y la evaluaci\u00f3n de las tem\u00e1ticas que revisar\u00e1n en las pr\u00f3ximas actividades, entre otras materias de salud metal y de coordinaci\u00f3n entre el nivel primario y secundario.<img loading=\"lazy\" class=\"aligncenter size-large wp-image-128\" src=\"\/wp-content\/uploads\/2015\/08\/IMG_4656-1024x768.jpg\" alt=\"IMG_4656\" width=\"1024\" height=\"768\" \/><\/p>\n<p>A la cita concurrieron los referentes de Salud Mental y de la Atenci\u00f3n Primaria (A.P.S.) del Servicio de Salud Metropolitano Occidente y profesionales de la salud de la A.P.S. y los Cosam de Pudahuel, Cerro Navia y Lo Prado, a quienes se les capacit\u00f3 en t\u00f3picos de salud mental y compartieron conocimientos sobre la medicaci\u00f3n y las principales patolog\u00edas que afectan a la poblaci\u00f3n que les corresponde atender diariamente, dado que el prop\u00f3sito primordial es mejorar la continuidad y calidad de la atenci\u00f3n usuaria.<\/p>\n<p><strong>SANTIAGO (Pudahuel)<\/strong>, junio 11 del 2015.<\/p>\n","protected":false},"author":1,"featured_media":0,"comment_status":"open","ping_status":"open","sticky":false,"template":"","format":"standard","meta":[],"categories":[10],"tags":[],"_links":{"self":[{"href":"https:\/\/crssag.cl\/index.php\/wp-json\/wp\/v2\/posts\/126"}],"collection":[{"href":"https:\/\/crssag.cl\/index.php\/wp-json\/wp\/v2\/posts"}],"about":[{"href":"https:\/\/crssag.cl\/index.php\/wp-json\/wp\/v2\/types\/post"}],"author":[{"embeddable":true,"href":"https:\/\/crssag.cl\/index.php\/wp-json\/wp\/v2\/users\/1"}],"replies":[{"embeddable":true,"href":"https:\/\/crssag.cl\/index.php\/wp-json\/wp\/v2\/comments?post=126"}],"version-history":[{"count":1,"href":"https:\/\/crssag.cl\/index.php\/wp-json\/wp\/v2\/posts\/126\/revisions"}],"predecessor-version":[{"id":129,"href":"https:\/\/crssag.cl\/index.php\/wp-json\/wp\/v2\/posts\/126\/revisions\/129"}],"wp:attachment":[{"href":"https:\/\/crssag.cl\/index.php\/wp-json\/wp\/v2\/media?parent=126"}],"wp:term":[{"taxonomy":"category","embeddable":true,"href":"https:\/\/crssag.cl\/index.php\/wp-json\/wp\/v2\/categories?post=126"},{"taxonomy":"post_tag","embeddable":true,"href":"https:\/\/crssag.cl\/index.php\/wp-json\/wp\/v2\/tags?post=126"}],"curies":[{"name":"wp","href":"https:\/\/api.w.org\/{rel}","templated":true}]}}