{"id":1194,"date":"2017-12-15T11:01:48","date_gmt":"2017-12-15T14:01:48","guid":{"rendered":"http:\/\/crssag.cl\/?p=1194"},"modified":"2017-12-15T11:02:52","modified_gmt":"2017-12-15T14:02:52","slug":"con-una-olla-comun-el-prais-del-c-r-s-conmemoro-el-dia-internacional-de-los-derechos-humanos","status":"publish","type":"post","link":"https:\/\/crssag.cl\/index.php\/2017\/12\/15\/con-una-olla-comun-el-prais-del-c-r-s-conmemoro-el-dia-internacional-de-los-derechos-humanos\/","title":{"rendered":"CON UNA OLLA COM\u00daN EL PRAIS DEL C.R.S. CONMEMOR\u00d3 EL D\u00cdA INTERNACIONAL DE LOS DERECHOS HUMANOS"},"content":{"rendered":"<p><img loading=\"lazy\" class=\"aligncenter wp-image-1195\" src=\"\/wp-content\/uploads\/2017\/12\/IMG_0535_opt.jpg\" alt=\"\" width=\"606\" height=\"341\" srcset=\"https:\/\/crssag.cl\/wp-content\/uploads\/2017\/12\/IMG_0535_opt.jpg 400w, https:\/\/crssag.cl\/wp-content\/uploads\/2017\/12\/IMG_0535_opt-150x84.jpg 150w, https:\/\/crssag.cl\/wp-content\/uploads\/2017\/12\/IMG_0535_opt-300x169.jpg 300w\" sizes=\"(max-width: 606px) 100vw, 606px\" \/><\/p>\n<p style=\"text-align: justify;\">El 13 de diciembre el Programa de Reparaci\u00f3n y Atenci\u00f3n Integral en Salud (Prais) del Centro de Referencia de Salud \u201cDr. Salvador Allende Gossens\u201d, conmemor\u00f3 el \u201cD\u00eda Internacional de los Derechos Humanos\u201d, cuya fecha oficial es el 10 de diciembre, data que coincide con la adopci\u00f3n de la Declaraci\u00f3n Universal de Derechos Humanos en 1948. En la oportunidad, la Agrupaci\u00f3n Cerro Navia de Mujeres Artesanas del Prais, al igual que en los peores tiempos de dictadura, cocinaron una deliciosa olla com\u00fan (porotada, ensaladas y un rico pebre), almuerzo que compartieron generosamente con los funcionarios del C.R.S, los usuarios, las autoridades y con todos aquellos que llegaron a saborear la exquisitez preparada por hist\u00f3ricas se\u00f1oras comprometidas con los sectores populares, quienes hace 50 a\u00f1os (desde la toma de terrenos en la Herminda de la Victoria), vienen haci\u00e9ndolo, toda vez que es necesario. La velada fue amenizada por el cantautor Ram\u00f3n Barril.<\/p>\n<p style=\"text-align: justify;\"><img loading=\"lazy\" class=\" wp-image-1196 alignleft\" src=\"\/wp-content\/uploads\/2017\/12\/IMG_0502_opt.jpg\" alt=\"\" width=\"434\" height=\"244\" srcset=\"https:\/\/crssag.cl\/wp-content\/uploads\/2017\/12\/IMG_0502_opt.jpg 400w, https:\/\/crssag.cl\/wp-content\/uploads\/2017\/12\/IMG_0502_opt-150x84.jpg 150w, https:\/\/crssag.cl\/wp-content\/uploads\/2017\/12\/IMG_0502_opt-300x169.jpg 300w\" sizes=\"(max-width: 434px) 100vw, 434px\" \/>Entre las faenas efectuadas para la participaci\u00f3n e integraci\u00f3n de los usuarios del Prais, se instal\u00f3 una feria artesanal en el frontis del C.R.S., durante los d\u00edas 13 y 14 de diciembre. Respecto a las coloridas y animadas actividades implementadas por el Prais para potenciar el D\u00eda Internacional de los Derechos Humanos, el director del C.R.S., Dr. Ernesto N\u00fa\u00f1ez se\u00f1al\u00f3 que este tipo de eventos facilitan y realzan las relaciones de solidaridad, por lo que inst\u00f3 al equipo del programa a continuar trabajando en pos de estos valores, porque cuanta mayor garant\u00eda se establezca en materia de derechos humanos y su cumplimiento, mayor es la esperanza de una nueva forma de relacionarse comunitariamente, puesto que esto -precis\u00f3 N\u00fa\u00f1ez- fortalece la humanidad y las expectativa sociales. Por tanto, esta forma de vida, donde el respeto a los derechos humanos es indeleble, orienta hacia el afecto entre las personas. Finalmente, el directivo concord\u00f3 con Felipe Mu\u00f1oz, en que las ollas comunes sirvieron de instrumentos de lucha y resistencia contra la dictadura y la pobreza.<\/p>\n<p style=\"text-align: justify;\"><img loading=\"lazy\" class=\"size-full wp-image-1197 alignleft\" src=\"\/wp-content\/uploads\/2017\/12\/IMG_0479_opt.jpg\" alt=\"\" width=\"400\" height=\"225\" srcset=\"https:\/\/crssag.cl\/wp-content\/uploads\/2017\/12\/IMG_0479_opt.jpg 400w, https:\/\/crssag.cl\/wp-content\/uploads\/2017\/12\/IMG_0479_opt-150x84.jpg 150w, https:\/\/crssag.cl\/wp-content\/uploads\/2017\/12\/IMG_0479_opt-300x169.jpg 300w\" sizes=\"(max-width: 400px) 100vw, 400px\" \/>En relaci\u00f3n a esta iniciativa, la representante del establecimiento ante la Comisi\u00f3n Memoria del Servicio de Salud Metropolitano Occidente (S.S.M.Oc.), Dra. Ana Toro, inform\u00f3 que se enmarc\u00f3 en el D\u00eda de los Derechos Humanos que organiza la Comisi\u00f3n Memoria del S.S.M.Oc. De esta manera, adelant\u00f3 que a partir de estos trabajos, se encuentran planificando un conversatorio para enero de 2018. Adem\u00e1s, comunic\u00f3 que este es el inicio de una serie de quehaceres de la Comisi\u00f3n Memoria, la que justamente busca recobrar la memoria hist\u00f3rica, a trav\u00e9s de diferentes acciones y manifestaciones que pretenden -por ejemplo dijo- rescatar los sitios de detenci\u00f3n, realizar conversatorio sobre el tema y trabajar con otros organismos, tales como el Museo de la Memoria, el Instituto de Derechos Humanos, organizaciones sociales y otras instituciones relacionadas.<\/p>\n<p style=\"text-align: justify;\">En las actividades participaron el director del C.R.S., Dr. Ernesto N\u00fa\u00f1ez; la representante del centro de salud ante la Comisi\u00f3n Memoria del S.S.M.Oc., Dra. Ana Toro; el coordinador del Prais, Felipe Mu\u00f1oz; funcionarios de la entidad, dirigentes, usuarios del programa; Antonio Lagos, quien desde la iglesia luch\u00f3 contra la dictadura y hoy contin\u00faa con su trabajo de recuperaci\u00f3n de memoria, entre otras agrupaciones sociales.<\/p>\n<p style=\"text-align: justify;\">SANTIAGO (Pudahuel), diciembre 13 en 2017.<\/p>\n","protected":false},"excerpt":{"rendered":"<p><img loading=\"lazy\" class=\"aligncenter wp-image-1195\" src=\"\/wp-content\/uploads\/2017\/12\/IMG_0535_opt.jpg\" alt=\"\" width=\"606\" height=\"341\" srcset=\"https:\/\/crssag.cl\/wp-content\/uploads\/2017\/12\/IMG_0535_opt.jpg 400w, https:\/\/crssag.cl\/wp-content\/uploads\/2017\/12\/IMG_0535_opt-150x84.jpg 150w, https:\/\/crssag.cl\/wp-content\/uploads\/2017\/12\/IMG_0535_opt-300x169.jpg 300w\" sizes=\"(max-width: 606px) 100vw, 606px\" \/><\/p>\n<p style=\"text-align: justify;\">El 13 de diciembre el Programa de Reparaci\u00f3n y Atenci\u00f3n Integral en Salud (Prais) del Centro de Referencia de Salud \u201cDr. Salvador Allende Gossens\u201d, conmemor\u00f3 el \u201cD\u00eda Internacional de los Derechos Humanos\u201d, cuya fecha oficial es el 10 de diciembre, data que coincide con la adopci\u00f3n de la Declaraci\u00f3n Universal de Derechos Humanos en 1948. En la oportunidad, la Agrupaci\u00f3n Cerro Navia de Mujeres Artesanas del Prais, al igual que en los peores tiempos de dictadura, cocinaron una deliciosa olla com\u00fan (porotada, ensaladas y un rico pebre), almuerzo que compartieron generosamente con los funcionarios del C.R.S, los usuarios, las autoridades y con todos aquellos que llegaron a saborear la exquisitez preparada por hist\u00f3ricas se\u00f1oras comprometidas con los sectores populares, quienes hace 50 a\u00f1os (desde la toma de terrenos en la Herminda de la Victoria), vienen haci\u00e9ndolo, toda vez que es necesario. La velada fue amenizada por el cantautor Ram\u00f3n Barril.<\/p>\n<p style=\"text-align: justify;\"><img loading=\"lazy\" class=\" wp-image-1196 alignleft\" src=\"\/wp-content\/uploads\/2017\/12\/IMG_0502_opt.jpg\" alt=\"\" width=\"434\" height=\"244\" srcset=\"https:\/\/crssag.cl\/wp-content\/uploads\/2017\/12\/IMG_0502_opt.jpg 400w, https:\/\/crssag.cl\/wp-content\/uploads\/2017\/12\/IMG_0502_opt-150x84.jpg 150w, https:\/\/crssag.cl\/wp-content\/uploads\/2017\/12\/IMG_0502_opt-300x169.jpg 300w\" sizes=\"(max-width: 434px) 100vw, 434px\" \/>Entre las faenas efectuadas para la participaci\u00f3n e integraci\u00f3n de los usuarios del Prais, se instal\u00f3 una feria artesanal en el frontis del C.R.S., durante los d\u00edas 13 y 14 de diciembre. Respecto a las coloridas y animadas actividades implementadas por el Prais para potenciar el D\u00eda Internacional de los Derechos Humanos, el director del C.R.S., Dr. Ernesto N\u00fa\u00f1ez se\u00f1al\u00f3 que este tipo de eventos facilitan y realzan las relaciones de solidaridad, por lo que inst\u00f3 al equipo del programa a continuar trabajando en pos de estos valores, porque cuanta mayor garant\u00eda se establezca en materia de derechos humanos y su cumplimiento, mayor es la esperanza de una nueva forma de relacionarse comunitariamente, puesto que esto -precis\u00f3 N\u00fa\u00f1ez- fortalece la humanidad y las expectativa sociales. Por tanto, esta forma de vida, donde el respeto a los derechos humanos es indeleble, orienta hacia el afecto entre las personas. Finalmente, el directivo concord\u00f3 con Felipe Mu\u00f1oz, en que las ollas comunes sirvieron de instrumentos de lucha y resistencia contra la dictadura y la pobreza.<\/p>\n<p style=\"text-align: justify;\"><img loading=\"lazy\" class=\"size-full wp-image-1197 alignleft\" src=\"\/wp-content\/uploads\/2017\/12\/IMG_0479_opt.jpg\" alt=\"\" width=\"400\" height=\"225\" srcset=\"https:\/\/crssag.cl\/wp-content\/uploads\/2017\/12\/IMG_0479_opt.jpg 400w, https:\/\/crssag.cl\/wp-content\/uploads\/2017\/12\/IMG_0479_opt-150x84.jpg 150w, https:\/\/crssag.cl\/wp-content\/uploads\/2017\/12\/IMG_0479_opt-300x169.jpg 300w\" sizes=\"(max-width: 400px) 100vw, 400px\" \/>En relaci\u00f3n a esta iniciativa, la representante del establecimiento ante la Comisi\u00f3n Memoria del Servicio de Salud Metropolitano Occidente (S.S.M.Oc.), Dra. Ana Toro, inform\u00f3 que se enmarc\u00f3 en el D\u00eda de los Derechos Humanos que organiza la Comisi\u00f3n Memoria del S.S.M.Oc. De esta manera, adelant\u00f3 que a partir de estos trabajos, se encuentran planificando un conversatorio para enero de 2018. Adem\u00e1s, comunic\u00f3 que este es el inicio de una serie de quehaceres de la Comisi\u00f3n Memoria, la que justamente busca recobrar la memoria hist\u00f3rica, a trav\u00e9s de diferentes acciones y manifestaciones que pretenden -por ejemplo dijo- rescatar los sitios de detenci\u00f3n, realizar conversatorio sobre el tema y trabajar con otros organismos, tales como el Museo de la Memoria, el Instituto de Derechos Humanos, organizaciones sociales y otras instituciones relacionadas.<\/p>\n<p style=\"text-align: justify;\">En las actividades participaron el director del C.R.S., Dr. Ernesto N\u00fa\u00f1ez; la representante del centro de salud ante la Comisi\u00f3n Memoria del S.S.M.Oc., Dra. Ana Toro; el coordinador del Prais, Felipe Mu\u00f1oz; funcionarios de la entidad, dirigentes, usuarios del programa; Antonio Lagos, quien desde la iglesia luch\u00f3 contra la dictadura y hoy contin\u00faa con su trabajo de recuperaci\u00f3n de memoria, entre otras agrupaciones sociales.<\/p>\n<p style=\"text-align: justify;\">SANTIAGO (Pudahuel), diciembre 13 en 2017.<\/p>\n","protected":false},"author":1,"featured_media":0,"comment_status":"open","ping_status":"open","sticky":false,"template":"","format":"standard","meta":[],"categories":[11,9,10,4],"tags":[],"_links":{"self":[{"href":"https:\/\/crssag.cl\/index.php\/wp-json\/wp\/v2\/posts\/1194"}],"collection":[{"href":"https:\/\/crssag.cl\/index.php\/wp-json\/wp\/v2\/posts"}],"about":[{"href":"https:\/\/crssag.cl\/index.php\/wp-json\/wp\/v2\/types\/post"}],"author":[{"embeddable":true,"href":"https:\/\/crssag.cl\/index.php\/wp-json\/wp\/v2\/users\/1"}],"replies":[{"embeddable":true,"href":"https:\/\/crssag.cl\/index.php\/wp-json\/wp\/v2\/comments?post=1194"}],"version-history":[{"count":2,"href":"https:\/\/crssag.cl\/index.php\/wp-json\/wp\/v2\/posts\/1194\/revisions"}],"predecessor-version":[{"id":1199,"href":"https:\/\/crssag.cl\/index.php\/wp-json\/wp\/v2\/posts\/1194\/revisions\/1199"}],"wp:attachment":[{"href":"https:\/\/crssag.cl\/index.php\/wp-json\/wp\/v2\/media?parent=1194"}],"wp:term":[{"taxonomy":"category","embeddable":true,"href":"https:\/\/crssag.cl\/index.php\/wp-json\/wp\/v2\/categories?post=1194"},{"taxonomy":"post_tag","embeddable":true,"href":"https:\/\/crssag.cl\/index.php\/wp-json\/wp\/v2\/tags?post=1194"}],"curies":[{"name":"wp","href":"https:\/\/api.w.org\/{rel}","templated":true}]}}