{"id":1172,"date":"2017-11-07T11:17:29","date_gmt":"2017-11-07T14:17:29","guid":{"rendered":"http:\/\/crssag.cl\/?p=1172"},"modified":"2017-11-07T11:17:29","modified_gmt":"2017-11-07T14:17:29","slug":"usuarios-del-c-r-s-disfrutan-de-solemne-presentacion-en-piano-en-homenaje-a-violeta-parra","status":"publish","type":"post","link":"https:\/\/crssag.cl\/index.php\/2017\/11\/07\/usuarios-del-c-r-s-disfrutan-de-solemne-presentacion-en-piano-en-homenaje-a-violeta-parra\/","title":{"rendered":"USUARIOS DEL C.R.S. DISFRUTAN DE SOLEMNE PRESENTACI\u00d3N EN PIANO EN HOMENAJE A VIOLETA PARRA"},"content":{"rendered":"<p style=\"text-align: justify;\"><img loading=\"lazy\" class=\"aligncenter wp-image-1174\" src=\"\/wp-content\/uploads\/2017\/11\/IMG_9950_opt.jpg\" alt=\"\" width=\"569\" height=\"320\" srcset=\"https:\/\/crssag.cl\/wp-content\/uploads\/2017\/11\/IMG_9950_opt.jpg 400w, https:\/\/crssag.cl\/wp-content\/uploads\/2017\/11\/IMG_9950_opt-150x84.jpg 150w, https:\/\/crssag.cl\/wp-content\/uploads\/2017\/11\/IMG_9950_opt-300x169.jpg 300w\" sizes=\"(max-width: 569px) 100vw, 569px\" \/>Con el apoyo del Depto. de Cultura y J\u00f3venes de la I. Municipalidad de Pudahuel, el Centro de Referencia de Salud \u201cDr. Salvador Allende Gossens\u201d, ofreci\u00f3 el 2 de noviembre de este a\u00f1o, una actividad art\u00edstica cultural que se enmarc\u00f3 en los 100 a\u00f1os de la insigne Violeta Parra. La iniciativa se desarroll\u00f3 en la sala de espera del primer piso del centro de salud, a las 11:00 horas y cont\u00f3 con la presentaci\u00f3n del pianista, Pablo Maldonado Pavez, joven que luego de cinco a\u00f1os de aprendizaje musical, comenz\u00f3 sus estudios complementarios y superiores en la Universidad de Chile con menci\u00f3n en Interpretaci\u00f3n en Piano, tecleando magistralmente seis temas: La Jardinera, Gracias a la Vida, Casamiento de Negros, Maldigo del Alto Cielo, Run Run se Fue pa\u2019l Norte y Volver a los 17.<\/p>\n<p style=\"text-align: justify;\"><img loading=\"lazy\" class=\"size-full wp-image-1175 alignleft\" src=\"\/wp-content\/uploads\/2017\/11\/IMG_9948_opt.jpg\" alt=\"\" width=\"400\" height=\"225\" srcset=\"https:\/\/crssag.cl\/wp-content\/uploads\/2017\/11\/IMG_9948_opt.jpg 400w, https:\/\/crssag.cl\/wp-content\/uploads\/2017\/11\/IMG_9948_opt-150x84.jpg 150w, https:\/\/crssag.cl\/wp-content\/uploads\/2017\/11\/IMG_9948_opt-300x169.jpg 300w\" sizes=\"(max-width: 400px) 100vw, 400px\" \/>El director del C.R.S., Dr. Ernesto N\u00fa\u00f1ez, particip\u00f3 de la velada y destac\u00f3 la maestr\u00eda de Pavez e inform\u00f3 que desde hace mucho tiempo \u201cestamos trabajando para mejorar la calidad en la atenci\u00f3n de nuestros usuarios y, esta expresi\u00f3n del arte -como es la m\u00fasica- es tambi\u00e9n un significativo aporte a la salud de las personas, ya que la sensibiliza y eleva su esp\u00edritu, haciendo m\u00e1s plena su vida, aunque sea en el instante en el que esperan para ser atendidos por un especialista cl\u00ednico\u201d. Por ello, el facultativo declar\u00f3 que este encuentro fue doblemente gratificante por el alto valor art\u00edstico cultural. Asimismo, N\u00fa\u00f1ez aprovech\u00f3 de agradecer al Depto. de Cultura y J\u00f3venes de Pudahuel, la preocupaci\u00f3n y el compromiso por vincular el arte con quienes tienen poco acceso a ello.<\/p>\n<p style=\"text-align: justify;\"><img loading=\"lazy\" class=\"size-full wp-image-1176 alignleft\" src=\"\/wp-content\/uploads\/2017\/11\/IMG_9959_opt.jpg\" alt=\"\" width=\"400\" height=\"225\" srcset=\"https:\/\/crssag.cl\/wp-content\/uploads\/2017\/11\/IMG_9959_opt.jpg 400w, https:\/\/crssag.cl\/wp-content\/uploads\/2017\/11\/IMG_9959_opt-150x84.jpg 150w, https:\/\/crssag.cl\/wp-content\/uploads\/2017\/11\/IMG_9959_opt-300x169.jpg 300w\" sizes=\"(max-width: 400px) 100vw, 400px\" \/>El \u201cEsperArte\u201d, contribuye a generar paz en el entorno, toda vez que pone en escena a artistas locales de primer nivel y de diversos \u00e1mbitos de la m\u00fasica, el teatro, el baile, la poes\u00eda y la pintura, lo que sin duda nutre la existencia de las personas. Por lo mismo, desde mediados del 2006, se viene implementando en el establecimiento de salud, hasta la fecha. Sin ir m\u00e1s lejos, el 8 de Marzo de este a\u00f1o, ocasi\u00f3n en la que se conmemor\u00f3 el D\u00eda Internacional de la Mujer, los usuarios y funcionarios del establecimiento, disfrutaron de un imponente d\u00fao de cantantes l\u00edricos: Javiera Caffi y Alex Valencia, a quienes el p\u00fablico agradeci\u00f3 y reconoci\u00f3 la interpretaci\u00f3n que hicieran de \u201cOh Sole Mio\u201d, \u201cFunicul\u00ed, Funicul\u00e1\u201d, \u201cCanzone Napoletana\u201d, \u201cHabanera\u201d de la \u00f3pera Carmen y \u201cBrindis\u201d (opera Traviata de Verdi).<\/p>\n<p style=\"text-align: justify;\"><img loading=\"lazy\" class=\" wp-image-1177 alignright\" src=\"\/wp-content\/uploads\/2017\/11\/IMG_9969_opt.jpg\" alt=\"\" width=\"480\" height=\"270\" srcset=\"https:\/\/crssag.cl\/wp-content\/uploads\/2017\/11\/IMG_9969_opt.jpg 400w, https:\/\/crssag.cl\/wp-content\/uploads\/2017\/11\/IMG_9969_opt-150x84.jpg 150w, https:\/\/crssag.cl\/wp-content\/uploads\/2017\/11\/IMG_9969_opt-300x169.jpg 300w\" sizes=\"(max-width: 480px) 100vw, 480px\" \/>Esta contribuci\u00f3n a la mejora en la calidad de la atenci\u00f3n que ofrece el C.R.S., ayuda a subir el \u00e1nimo de la gente, quienes solicitan m\u00e1s exhibiciones como estas, puesto que los usuarios gozan del placer de escuchar m\u00fasica y saben apreciar todas las formas de arte, lo que exteriorizan a trav\u00e9s de los aplausos, abrazos y felicitaciones.<\/p>\n","protected":false},"excerpt":{"rendered":"<p style=\"text-align: justify;\"><img loading=\"lazy\" class=\"aligncenter wp-image-1174\" src=\"\/wp-content\/uploads\/2017\/11\/IMG_9950_opt.jpg\" alt=\"\" width=\"569\" height=\"320\" srcset=\"https:\/\/crssag.cl\/wp-content\/uploads\/2017\/11\/IMG_9950_opt.jpg 400w, https:\/\/crssag.cl\/wp-content\/uploads\/2017\/11\/IMG_9950_opt-150x84.jpg 150w, https:\/\/crssag.cl\/wp-content\/uploads\/2017\/11\/IMG_9950_opt-300x169.jpg 300w\" sizes=\"(max-width: 569px) 100vw, 569px\" \/>Con el apoyo del Depto. de Cultura y J\u00f3venes de la I. Municipalidad de Pudahuel, el Centro de Referencia de Salud \u201cDr. Salvador Allende Gossens\u201d, ofreci\u00f3 el 2 de noviembre de este a\u00f1o, una actividad art\u00edstica cultural que se enmarc\u00f3 en los 100 a\u00f1os de la insigne Violeta Parra. La iniciativa se desarroll\u00f3 en la sala de espera del primer piso del centro de salud, a las 11:00 horas y cont\u00f3 con la presentaci\u00f3n del pianista, Pablo Maldonado Pavez, joven que luego de cinco a\u00f1os de aprendizaje musical, comenz\u00f3 sus estudios complementarios y superiores en la Universidad de Chile con menci\u00f3n en Interpretaci\u00f3n en Piano, tecleando magistralmente seis temas: La Jardinera, Gracias a la Vida, Casamiento de Negros, Maldigo del Alto Cielo, Run Run se Fue pa\u2019l Norte y Volver a los 17.<\/p>\n<p style=\"text-align: justify;\"><img loading=\"lazy\" class=\"size-full wp-image-1175 alignleft\" src=\"\/wp-content\/uploads\/2017\/11\/IMG_9948_opt.jpg\" alt=\"\" width=\"400\" height=\"225\" srcset=\"https:\/\/crssag.cl\/wp-content\/uploads\/2017\/11\/IMG_9948_opt.jpg 400w, https:\/\/crssag.cl\/wp-content\/uploads\/2017\/11\/IMG_9948_opt-150x84.jpg 150w, https:\/\/crssag.cl\/wp-content\/uploads\/2017\/11\/IMG_9948_opt-300x169.jpg 300w\" sizes=\"(max-width: 400px) 100vw, 400px\" \/>El director del C.R.S., Dr. Ernesto N\u00fa\u00f1ez, particip\u00f3 de la velada y destac\u00f3 la maestr\u00eda de Pavez e inform\u00f3 que desde hace mucho tiempo \u201cestamos trabajando para mejorar la calidad en la atenci\u00f3n de nuestros usuarios y, esta expresi\u00f3n del arte -como es la m\u00fasica- es tambi\u00e9n un significativo aporte a la salud de las personas, ya que la sensibiliza y eleva su esp\u00edritu, haciendo m\u00e1s plena su vida, aunque sea en el instante en el que esperan para ser atendidos por un especialista cl\u00ednico\u201d. Por ello, el facultativo declar\u00f3 que este encuentro fue doblemente gratificante por el alto valor art\u00edstico cultural. Asimismo, N\u00fa\u00f1ez aprovech\u00f3 de agradecer al Depto. de Cultura y J\u00f3venes de Pudahuel, la preocupaci\u00f3n y el compromiso por vincular el arte con quienes tienen poco acceso a ello.<\/p>\n<p style=\"text-align: justify;\"><img loading=\"lazy\" class=\"size-full wp-image-1176 alignleft\" src=\"\/wp-content\/uploads\/2017\/11\/IMG_9959_opt.jpg\" alt=\"\" width=\"400\" height=\"225\" srcset=\"https:\/\/crssag.cl\/wp-content\/uploads\/2017\/11\/IMG_9959_opt.jpg 400w, https:\/\/crssag.cl\/wp-content\/uploads\/2017\/11\/IMG_9959_opt-150x84.jpg 150w, https:\/\/crssag.cl\/wp-content\/uploads\/2017\/11\/IMG_9959_opt-300x169.jpg 300w\" sizes=\"(max-width: 400px) 100vw, 400px\" \/>El \u201cEsperArte\u201d, contribuye a generar paz en el entorno, toda vez que pone en escena a artistas locales de primer nivel y de diversos \u00e1mbitos de la m\u00fasica, el teatro, el baile, la poes\u00eda y la pintura, lo que sin duda nutre la existencia de las personas. Por lo mismo, desde mediados del 2006, se viene implementando en el establecimiento de salud, hasta la fecha. Sin ir m\u00e1s lejos, el 8 de Marzo de este a\u00f1o, ocasi\u00f3n en la que se conmemor\u00f3 el D\u00eda Internacional de la Mujer, los usuarios y funcionarios del establecimiento, disfrutaron de un imponente d\u00fao de cantantes l\u00edricos: Javiera Caffi y Alex Valencia, a quienes el p\u00fablico agradeci\u00f3 y reconoci\u00f3 la interpretaci\u00f3n que hicieran de \u201cOh Sole Mio\u201d, \u201cFunicul\u00ed, Funicul\u00e1\u201d, \u201cCanzone Napoletana\u201d, \u201cHabanera\u201d de la \u00f3pera Carmen y \u201cBrindis\u201d (opera Traviata de Verdi).<\/p>\n<p style=\"text-align: justify;\"><img loading=\"lazy\" class=\" wp-image-1177 alignright\" src=\"\/wp-content\/uploads\/2017\/11\/IMG_9969_opt.jpg\" alt=\"\" width=\"480\" height=\"270\" srcset=\"https:\/\/crssag.cl\/wp-content\/uploads\/2017\/11\/IMG_9969_opt.jpg 400w, https:\/\/crssag.cl\/wp-content\/uploads\/2017\/11\/IMG_9969_opt-150x84.jpg 150w, https:\/\/crssag.cl\/wp-content\/uploads\/2017\/11\/IMG_9969_opt-300x169.jpg 300w\" sizes=\"(max-width: 480px) 100vw, 480px\" \/>Esta contribuci\u00f3n a la mejora en la calidad de la atenci\u00f3n que ofrece el C.R.S., ayuda a subir el \u00e1nimo de la gente, quienes solicitan m\u00e1s exhibiciones como estas, puesto que los usuarios gozan del placer de escuchar m\u00fasica y saben apreciar todas las formas de arte, lo que exteriorizan a trav\u00e9s de los aplausos, abrazos y felicitaciones.<\/p>\n","protected":false},"author":1,"featured_media":0,"comment_status":"open","ping_status":"open","sticky":false,"template":"","format":"standard","meta":[],"categories":[11,9,10,4],"tags":[],"_links":{"self":[{"href":"https:\/\/crssag.cl\/index.php\/wp-json\/wp\/v2\/posts\/1172"}],"collection":[{"href":"https:\/\/crssag.cl\/index.php\/wp-json\/wp\/v2\/posts"}],"about":[{"href":"https:\/\/crssag.cl\/index.php\/wp-json\/wp\/v2\/types\/post"}],"author":[{"embeddable":true,"href":"https:\/\/crssag.cl\/index.php\/wp-json\/wp\/v2\/users\/1"}],"replies":[{"embeddable":true,"href":"https:\/\/crssag.cl\/index.php\/wp-json\/wp\/v2\/comments?post=1172"}],"version-history":[{"count":8,"href":"https:\/\/crssag.cl\/index.php\/wp-json\/wp\/v2\/posts\/1172\/revisions"}],"predecessor-version":[{"id":1184,"href":"https:\/\/crssag.cl\/index.php\/wp-json\/wp\/v2\/posts\/1172\/revisions\/1184"}],"wp:attachment":[{"href":"https:\/\/crssag.cl\/index.php\/wp-json\/wp\/v2\/media?parent=1172"}],"wp:term":[{"taxonomy":"category","embeddable":true,"href":"https:\/\/crssag.cl\/index.php\/wp-json\/wp\/v2\/categories?post=1172"},{"taxonomy":"post_tag","embeddable":true,"href":"https:\/\/crssag.cl\/index.php\/wp-json\/wp\/v2\/tags?post=1172"}],"curies":[{"name":"wp","href":"https:\/\/api.w.org\/{rel}","templated":true}]}}