{"id":1165,"date":"2017-11-04T22:00:04","date_gmt":"2017-11-05T01:00:04","guid":{"rendered":"http:\/\/crssag.cl\/?p=1165"},"modified":"2017-11-04T22:00:31","modified_gmt":"2017-11-05T01:00:31","slug":"la-unidad-de-salud-mental-del-c-r-s-comparte-conocimientos-y-experiencias-sobre-la-esquizofrenia-con","status":"publish","type":"post","link":"https:\/\/crssag.cl\/index.php\/2017\/11\/04\/la-unidad-de-salud-mental-del-c-r-s-comparte-conocimientos-y-experiencias-sobre-la-esquizofrenia-con\/","title":{"rendered":"LA UNIDAD DE SALUD MENTAL DEL C.R.S. COMPARTE CONOCIMIENTOS Y EXPERIENCIAS SOBRE LA ESQUIZOFRENIA CON PROFESIONALES DE LA ATENCI\u00d3N PRIMARIA DE SALUD"},"content":{"rendered":"<p style=\"text-align: justify;\"><img loading=\"lazy\" class=\"aligncenter wp-image-1166\" src=\"\/wp-content\/uploads\/2017\/11\/IMG_9845_1_opt.jpg\" alt=\"\" width=\"428\" height=\"241\" srcset=\"https:\/\/crssag.cl\/wp-content\/uploads\/2017\/11\/IMG_9845_1_opt.jpg 400w, https:\/\/crssag.cl\/wp-content\/uploads\/2017\/11\/IMG_9845_1_opt-150x84.jpg 150w, https:\/\/crssag.cl\/wp-content\/uploads\/2017\/11\/IMG_9845_1_opt-300x169.jpg 300w\" sizes=\"(max-width: 428px) 100vw, 428px\" \/>Con el prop\u00f3sito de mantener una buena coordinaci\u00f3n y una puesta al d\u00eda en sus conocimientos, la Unidad de Salud Mental y Psiquiatr\u00eda del Centro de Referencia de Salud \u201cDr. Salvador Allende Gossens\u201d, organiz\u00f3 el 31 de octubre, una conferencia sobre \u201cLa Esquizofrenia en el siglo XXI\u201d, dictada por el profesor de la Universidad de Chile, Dr. Hern\u00e1n Silva Ibarra, maestro de la psiquiatr\u00eda chilena. Esta actividad, destinada al equipo de salud de dicha Unidad y del \u00c1rea Occidente, donde se incluy\u00f3 tambi\u00e9n a los Centros de Salud Mental (Cosam), se realiz\u00f3 en el auditorio del establecimiento, entre las 9:00 y las 10:30 horas.<\/p>\n<p style=\"text-align: justify;\"><img loading=\"lazy\" class=\"size-full wp-image-1167 alignleft\" src=\"\/wp-content\/uploads\/2017\/11\/IMG_9848_2_opt.jpg\" alt=\"\" width=\"400\" height=\"225\" srcset=\"https:\/\/crssag.cl\/wp-content\/uploads\/2017\/11\/IMG_9848_2_opt.jpg 400w, https:\/\/crssag.cl\/wp-content\/uploads\/2017\/11\/IMG_9848_2_opt-150x84.jpg 150w, https:\/\/crssag.cl\/wp-content\/uploads\/2017\/11\/IMG_9848_2_opt-300x169.jpg 300w\" sizes=\"(max-width: 400px) 100vw, 400px\" \/>En su participaci\u00f3n, el director del C.R.S., Dr. Ernesto N\u00fa\u00f1ez, destac\u00f3 la iniciativa de extensi\u00f3n, como un espacio en el que es posible analizar la evidencia cient\u00edfica; compartir experiencias sobre el tema; discutir las potenciales causas y tratamientos, porque esto -dijo- nos permite otorgar atenciones eficaces a tantos usuarios que padecen de esta enfermedad.<\/p>\n<p style=\"text-align: justify;\">En este sentido, el directivo valor\u00f3 el esfuerzo desplegado por la Unidad de Salud Mental, especialmente por los psiquiatras Enrique Cancec y William Cort\u00e9s, para la implementaci\u00f3n de esta capacitaci\u00f3n, porque el trabajo que se efect\u00faa en salud mental, a trav\u00e9s del conocimiento de investigaciones recientes, permite sincronizar el \u00e1mbito acad\u00e9mico y asistencial, enriqueciendo nuestro bagaje de experiencia profesional, lo que incidir\u00e1 en un mejor servicio a nuestros usuarios, asegur\u00f3.<\/p>\n<p style=\"text-align: justify;\">Por su parte, Cancec y Cort\u00e9s, hicieron notar que la motivaci\u00f3n para implementar el aprendizaje continuo, se debe a la alta prevalencia de esta patolog\u00eda, la que por su magnitud y repercusiones sociales, requiere de su constante revisi\u00f3n. Asimismo, los profesionales informaron que en Chile, el uno por ciento de las personas padece de este trastorno y que uno de cada diez personas sufre descompensaciones, por lo que se transforma en la principal sobrecarga del problema salud del pa\u00eds.<\/p>\n<p style=\"text-align: justify;\"><img loading=\"lazy\" class=\" wp-image-1168 alignleft\" src=\"\/wp-content\/uploads\/2017\/11\/IMG_9855_3_opt.jpg\" alt=\"\" width=\"382\" height=\"215\" srcset=\"https:\/\/crssag.cl\/wp-content\/uploads\/2017\/11\/IMG_9855_3_opt.jpg 400w, https:\/\/crssag.cl\/wp-content\/uploads\/2017\/11\/IMG_9855_3_opt-150x84.jpg 150w, https:\/\/crssag.cl\/wp-content\/uploads\/2017\/11\/IMG_9855_3_opt-300x169.jpg 300w\" sizes=\"(max-width: 382px) 100vw, 382px\" \/>De esta manera, los pacientes que son atendidos en los Cosam, la atenci\u00f3n primaria y el C.R.S. de las comunas de Pudahuel, Cerro Navia y Lo Prado, podr\u00e1n hacerlo con la tranquilidad de saber que est\u00e1n en las \u201cmejores manos\u201d, es decir, de especialistas de la salud mental que se encuentran en una permanente revisi\u00f3n y mejora en sus conocimientos, enriqueci\u00e9ndose de la expert\u00edse y la sapiencia de docentes que cuentan con las \u00faltimas novedades de la ciencia m\u00e9dica.<\/p>\n","protected":false},"excerpt":{"rendered":"<p style=\"text-align: justify;\"><img loading=\"lazy\" class=\"aligncenter wp-image-1166\" src=\"\/wp-content\/uploads\/2017\/11\/IMG_9845_1_opt.jpg\" alt=\"\" width=\"428\" height=\"241\" srcset=\"https:\/\/crssag.cl\/wp-content\/uploads\/2017\/11\/IMG_9845_1_opt.jpg 400w, https:\/\/crssag.cl\/wp-content\/uploads\/2017\/11\/IMG_9845_1_opt-150x84.jpg 150w, https:\/\/crssag.cl\/wp-content\/uploads\/2017\/11\/IMG_9845_1_opt-300x169.jpg 300w\" sizes=\"(max-width: 428px) 100vw, 428px\" \/>Con el prop\u00f3sito de mantener una buena coordinaci\u00f3n y una puesta al d\u00eda en sus conocimientos, la Unidad de Salud Mental y Psiquiatr\u00eda del Centro de Referencia de Salud \u201cDr. Salvador Allende Gossens\u201d, organiz\u00f3 el 31 de octubre, una conferencia sobre \u201cLa Esquizofrenia en el siglo XXI\u201d, dictada por el profesor de la Universidad de Chile, Dr. Hern\u00e1n Silva Ibarra, maestro de la psiquiatr\u00eda chilena. Esta actividad, destinada al equipo de salud de dicha Unidad y del \u00c1rea Occidente, donde se incluy\u00f3 tambi\u00e9n a los Centros de Salud Mental (Cosam), se realiz\u00f3 en el auditorio del establecimiento, entre las 9:00 y las 10:30 horas.<\/p>\n<p style=\"text-align: justify;\"><img loading=\"lazy\" class=\"size-full wp-image-1167 alignleft\" src=\"\/wp-content\/uploads\/2017\/11\/IMG_9848_2_opt.jpg\" alt=\"\" width=\"400\" height=\"225\" srcset=\"https:\/\/crssag.cl\/wp-content\/uploads\/2017\/11\/IMG_9848_2_opt.jpg 400w, https:\/\/crssag.cl\/wp-content\/uploads\/2017\/11\/IMG_9848_2_opt-150x84.jpg 150w, https:\/\/crssag.cl\/wp-content\/uploads\/2017\/11\/IMG_9848_2_opt-300x169.jpg 300w\" sizes=\"(max-width: 400px) 100vw, 400px\" \/>En su participaci\u00f3n, el director del C.R.S., Dr. Ernesto N\u00fa\u00f1ez, destac\u00f3 la iniciativa de extensi\u00f3n, como un espacio en el que es posible analizar la evidencia cient\u00edfica; compartir experiencias sobre el tema; discutir las potenciales causas y tratamientos, porque esto -dijo- nos permite otorgar atenciones eficaces a tantos usuarios que padecen de esta enfermedad.<\/p>\n<p style=\"text-align: justify;\">En este sentido, el directivo valor\u00f3 el esfuerzo desplegado por la Unidad de Salud Mental, especialmente por los psiquiatras Enrique Cancec y William Cort\u00e9s, para la implementaci\u00f3n de esta capacitaci\u00f3n, porque el trabajo que se efect\u00faa en salud mental, a trav\u00e9s del conocimiento de investigaciones recientes, permite sincronizar el \u00e1mbito acad\u00e9mico y asistencial, enriqueciendo nuestro bagaje de experiencia profesional, lo que incidir\u00e1 en un mejor servicio a nuestros usuarios, asegur\u00f3.<\/p>\n<p style=\"text-align: justify;\">Por su parte, Cancec y Cort\u00e9s, hicieron notar que la motivaci\u00f3n para implementar el aprendizaje continuo, se debe a la alta prevalencia de esta patolog\u00eda, la que por su magnitud y repercusiones sociales, requiere de su constante revisi\u00f3n. Asimismo, los profesionales informaron que en Chile, el uno por ciento de las personas padece de este trastorno y que uno de cada diez personas sufre descompensaciones, por lo que se transforma en la principal sobrecarga del problema salud del pa\u00eds.<\/p>\n<p style=\"text-align: justify;\"><img loading=\"lazy\" class=\" wp-image-1168 alignleft\" src=\"\/wp-content\/uploads\/2017\/11\/IMG_9855_3_opt.jpg\" alt=\"\" width=\"382\" height=\"215\" srcset=\"https:\/\/crssag.cl\/wp-content\/uploads\/2017\/11\/IMG_9855_3_opt.jpg 400w, https:\/\/crssag.cl\/wp-content\/uploads\/2017\/11\/IMG_9855_3_opt-150x84.jpg 150w, https:\/\/crssag.cl\/wp-content\/uploads\/2017\/11\/IMG_9855_3_opt-300x169.jpg 300w\" sizes=\"(max-width: 382px) 100vw, 382px\" \/>De esta manera, los pacientes que son atendidos en los Cosam, la atenci\u00f3n primaria y el C.R.S. de las comunas de Pudahuel, Cerro Navia y Lo Prado, podr\u00e1n hacerlo con la tranquilidad de saber que est\u00e1n en las \u201cmejores manos\u201d, es decir, de especialistas de la salud mental que se encuentran en una permanente revisi\u00f3n y mejora en sus conocimientos, enriqueci\u00e9ndose de la expert\u00edse y la sapiencia de docentes que cuentan con las \u00faltimas novedades de la ciencia m\u00e9dica.<\/p>\n","protected":false},"author":1,"featured_media":0,"comment_status":"open","ping_status":"open","sticky":false,"template":"","format":"standard","meta":[],"categories":[11,9,10,4],"tags":[],"_links":{"self":[{"href":"https:\/\/crssag.cl\/index.php\/wp-json\/wp\/v2\/posts\/1165"}],"collection":[{"href":"https:\/\/crssag.cl\/index.php\/wp-json\/wp\/v2\/posts"}],"about":[{"href":"https:\/\/crssag.cl\/index.php\/wp-json\/wp\/v2\/types\/post"}],"author":[{"embeddable":true,"href":"https:\/\/crssag.cl\/index.php\/wp-json\/wp\/v2\/users\/1"}],"replies":[{"embeddable":true,"href":"https:\/\/crssag.cl\/index.php\/wp-json\/wp\/v2\/comments?post=1165"}],"version-history":[{"count":3,"href":"https:\/\/crssag.cl\/index.php\/wp-json\/wp\/v2\/posts\/1165\/revisions"}],"predecessor-version":[{"id":1171,"href":"https:\/\/crssag.cl\/index.php\/wp-json\/wp\/v2\/posts\/1165\/revisions\/1171"}],"wp:attachment":[{"href":"https:\/\/crssag.cl\/index.php\/wp-json\/wp\/v2\/media?parent=1165"}],"wp:term":[{"taxonomy":"category","embeddable":true,"href":"https:\/\/crssag.cl\/index.php\/wp-json\/wp\/v2\/categories?post=1165"},{"taxonomy":"post_tag","embeddable":true,"href":"https:\/\/crssag.cl\/index.php\/wp-json\/wp\/v2\/tags?post=1165"}],"curies":[{"name":"wp","href":"https:\/\/api.w.org\/{rel}","templated":true}]}}